{"id":1254,"date":"2022-01-06T11:59:25","date_gmt":"2022-01-06T11:59:25","guid":{"rendered":"https:\/\/cvca.hr\/private-equity-fond-prosperus-growth-preuzeo-hrvatsku-it-tvrtku-neos\/"},"modified":"2022-01-19T16:17:12","modified_gmt":"2022-01-19T16:17:12","slug":"private-equity-fond-prosperus-growth-preuzeo-hrvatsku-it-tvrtku-neos","status":"publish","type":"post","link":"https:\/\/cvca.hr\/hr\/private-equity-fond-prosperus-growth-preuzeo-hrvatsku-it-tvrtku-neos\/","title":{"rendered":"Private Equity Fond Prosperus Growth preuzeo hrvatsku IT tvrtku Neos"},"content":{"rendered":"<p>Private equity fond Prosperus Growth stupio je u strate\u0161ko partnerstvo s kompanijom Neos, specijaliziranom za tehnolo\u0161ki najnaprednija IT rje\u0161enja, navodi se u priop\u0107enju. Prosperus Growth je zna\u010dajnim ulaganjem u Neos stekao ve\u0107inski udio u kompaniji te potvrdio svoju predanost odabiru ulaganja u vode\u0107e pru\u017eatelje IT usluga i visokotehnolo\u0161ke kompanije kao jednom od glavnih smjerova razvoja fonda. Vrijednost ulaganja nije navedena.<\/p>\n<p>Neos je doma\u0107a tvrtka sa sjedi\u0161tem u Zagrebu koja pru\u017ea poslovna rje\u0161enja i usluge na poljima Data Analytics, Rapid Application Development, System Infrastructure i Cloud Integration. Gotovo 20 godina sura\u0111uje s vode\u0107im tvrtkama iz raznih industrija s naglaskom na financijskim uslugama, telekomunikacijama te javnom sektoru. Neos je u 2020. godini ostvario prihod od 63,1 milijuna kuna uz 14,5 milijuna kuna EBITDA-e i EBITDA mar\u017eu ve\u0107u od 22 posto.<\/p>\n<p>Ovo ulaganje drugo je u nizu u sklopu Prosperus Technology Group platforme fonda koja je fokusirana na cloud mangement i business analytics. Naime, Prosperus Growth je do sada ulo\u017eio u dvije visokotehnolo\u0161ke IT kompanije, sada Neos, a ranije u SV Group, \u010diji bi ukupni godi\u0161nji prihod iznosio 2020.godinu iznosio 106 milijuna kuna, uz 20,6 milijuna kuna EBITDA-e. O\u010dekuje se nastavak razvoja Prosperus Technology Group platforme kroz organski rast i daljnje akvizicije.<\/p>\n<p>&#8211; Strate\u0161kim partnerstvom s Neosom potvrdili smo orijentaciju fonda Prosperus Growth prema uspje\u0161nim i perspektivnim IT kompanijama koje raspola\u017eu vrhunskim znanjem, a \u010diji vlasnici trebaju partnere uz koje \u0107e podi\u0107i poslovanje na sljede\u0107u razinu. Uvjereni smo kako \u0107e Neos tijekom predstoje\u0107eg razdoblja ostvariti zna\u010dajan rast prihoda uz zadr\u017eavanje po\u017eeljne EBITDA mar\u017ee, na zadovoljstvo svih na\u0161ih partnera i ulaga\u010da &#8211; naglasio je Jo\u0161ko Mili\u0161a, predsjednik Uprave dru\u0161tva Prosperus-Invest koje upravlja fondom Prosperus Growth.<\/p>\n<p>&#8211; Uvjeren sam kako \u0107e novo partnerstvo Neosa s fondom Prosperus Growth donijeti sinergijsko djelovanje znanja koje mi donosimo iz IT perspektive, a Prosperus-Invest iz perspektive dru\u0161tva za upravljanje investicijama. Razvoj poslovanja, \u0161irenje portfelja i baze klijenata na\u0161i su ciljevi, i to je razlog zbog kojeg smo u Prosperus Growthu prepoznali strate\u0161kog partnera. Osiguravanje kontinuiteta poslovanja i osobni razvoj na\u0161ih zaposlenika te njihova edukacija u primjeni najnovijih koncepata i tehnologija, temelji su na kojima zasnivamo svoje poslovanje &#8211; izjavio je Davorin Capan, \u010dlan Uprave Neosa.<\/p>\n<p>Fond rizi\u010dnog kapitala Prosperus Growth s privatnom ponudom, u kojem je od ulaga\u010da prikupljeno 50.9 milijuna eura, novost je na hrvatskom financijskom tr\u017ei\u0161tu, a kroz program CROGIP podr\u017eali su ga Europski investicijski fond (EIF) i Hrvatska banka za obnovu i razvitak (HBOR) investiraju\u0107i 49,99 posto ukupnog kapitala fonda.<\/p>\n<p>Sjedi\u0161te fonda i dru\u0161tva koje njime upravlja je u Republici Hrvatskoj, a polovica kapitala prikupljena je od institucionalnih investitora na doma\u0107em tr\u017ei\u0161tu. Fond ima obvezu ulo\u017eiti najmanje 75 posto kapitala u poduze\u0107a iz Hrvatske, a ostatak mo\u017ee biti ulo\u017een u poduze\u0107a iz regije. Strategija fonda Prosperus Growth je ulaganje u srednja i mala poduze\u0107a te dru\u0161tva koja imaju status srednje kapitaliziranih poduze\u0107a s konsolidacijskim potencijalom u regiji, a planirani raspon vrijednosti pojedinog ulaganja je izme\u0111u 5 i 10 milijuna eura. Fond je usmjeren na tvrtke od kojih se o\u010dekuje rast, osobito one koje imaju jedinstvene ili diferencirane proizvode i usluge pogodne za odr\u017eavanje kompetitivne prednosti i stjecanje zna\u010dajnih tr\u017ei\u0161nih udjela. Prosperus Growth je tre\u0107i fond s kojim upravlja ProsperusInvest, dru\u0161tvo za upravljanje.<\/p>\n<p>Prosperus Invest je \u010dlan Hrvatske Private Equity i Venture Capital Asocijacije (CVCA).<\/p>\n","protected":false},"excerpt":{"rendered":"<p>Private equity fond Prosperus Growth stupio je u strate\u0161ko partnerstvo s kompanijom Neos, specijaliziranom za tehnolo\u0161ki najnaprednija IT rje\u0161enja, navodi se u priop\u0107enju. Prosperus Growth je zna\u010dajnim ulaganjem u Neos stekao ve\u0107inski udio u kompaniji te potvrdio svoju predanost odabiru ulaganja u vode\u0107e pru\u017eatelje IT usluga i visokotehnolo\u0161ke kompanije kao jednom od glavnih smjerova razvoja [&hellip;]<\/p>\n","protected":false},"author":2,"featured_media":770,"comment_status":"closed","ping_status":"closed","sticky":false,"template":"","format":"standard","meta":{"footnotes":""},"categories":[57,58],"tags":[],"class_list":["post-1254","post","type-post","status-publish","format-standard","has-post-thumbnail","hentry","category-novosti","category-vijesti-clanica"],"acf":[],"yoast_head":"<!-- This site is optimized with the Yoast SEO Premium plugin v21.7 (Yoast SEO v21.8) - https:\/\/yoast.com\/wordpress\/plugins\/seo\/ -->\n<title>Private Equity Fond Prosperus Growth preuzeo hrvatsku IT tvrtku Neos<\/title>\n<meta name=\"description\" content=\"Private Equity fond Prosperus Growth u\u0161ao je u strate\u0161ko partnerstvo s tvrtkom Neos, hrvatska kompanija specijalizirana za naprednu IT tehnologiju.\" \/>\n<meta name=\"robots\" content=\"index, follow, max-snippet:-1, max-image-preview:large, max-video-preview:-1\" \/>\n<link rel=\"canonical\" href=\"https:\/\/cvca.hr\/hr\/private-equity-fond-prosperus-growth-preuzeo-hrvatsku-it-tvrtku-neos\/\" \/>\n<meta property=\"og:locale\" content=\"hr_HR\" \/>\n<meta property=\"og:type\" content=\"article\" \/>\n<meta property=\"og:title\" content=\"Private Equity Fond Prosperus Growth preuzeo hrvatsku IT tvrtku Neos\" \/>\n<meta property=\"og:description\" content=\"Private Equity fond Prosperus Growth u\u0161ao je u strate\u0161ko partnerstvo s tvrtkom Neos, hrvatska kompanija specijalizirana za naprednu IT tehnologiju.\" \/>\n<meta property=\"og:url\" content=\"https:\/\/cvca.hr\/hr\/private-equity-fond-prosperus-growth-preuzeo-hrvatsku-it-tvrtku-neos\/\" \/>\n<meta property=\"og:site_name\" content=\"CVCA\" \/>\n<meta property=\"article:publisher\" content=\"https:\/\/www.facebook.com\/cvca.hr\" \/>\n<meta property=\"article:published_time\" content=\"2022-01-06T11:59:25+00:00\" \/>\n<meta property=\"article:modified_time\" content=\"2022-01-19T16:17:12+00:00\" \/>\n<meta property=\"og:image\" content=\"https:\/\/cvca.hr\/wp-content\/uploads\/2022\/01\/Private-Equity-Fund-Prosperus-Growth-takes-over-Croatian-IT-company-Neos.jpg\" \/>\n\t<meta property=\"og:image:width\" content=\"1920\" \/>\n\t<meta property=\"og:image:height\" content=\"1080\" \/>\n\t<meta property=\"og:image:type\" content=\"image\/jpeg\" \/>\n<meta name=\"author\" content=\"Marta zadravec\" \/>\n<meta name=\"twitter:card\" content=\"summary_large_image\" \/>\n<meta name=\"twitter:creator\" content=\"@cvca_hr\" \/>\n<meta name=\"twitter:site\" content=\"@cvca_hr\" \/>\n<meta name=\"twitter:label1\" content=\"Napisao\/la\" \/>\n\t<meta name=\"twitter:data1\" content=\"Marta zadravec\" \/>\n\t<meta name=\"twitter:label2\" content=\"Procijenjeno vrijeme \u010ditanja\" \/>\n\t<meta name=\"twitter:data2\" content=\"3 minute\" \/>\n<script type=\"application\/ld+json\" class=\"yoast-schema-graph\">{\"@context\":\"https:\/\/schema.org\",\"@graph\":[{\"@type\":\"Article\",\"@id\":\"https:\/\/cvca.hr\/hr\/private-equity-fond-prosperus-growth-preuzeo-hrvatsku-it-tvrtku-neos\/#article\",\"isPartOf\":{\"@id\":\"https:\/\/cvca.hr\/hr\/private-equity-fond-prosperus-growth-preuzeo-hrvatsku-it-tvrtku-neos\/\"},\"author\":{\"name\":\"Marta zadravec\",\"@id\":\"https:\/\/cvca.hr\/#\/schema\/person\/e18d45fa927505481d363a9e92abfd7a\"},\"headline\":\"Private Equity Fond Prosperus Growth preuzeo hrvatsku IT tvrtku Neos\",\"datePublished\":\"2022-01-06T11:59:25+00:00\",\"dateModified\":\"2022-01-19T16:17:12+00:00\",\"mainEntityOfPage\":{\"@id\":\"https:\/\/cvca.hr\/hr\/private-equity-fond-prosperus-growth-preuzeo-hrvatsku-it-tvrtku-neos\/\"},\"wordCount\":603,\"publisher\":{\"@id\":\"https:\/\/cvca.hr\/#organization\"},\"articleSection\":[\"Novosti\",\"Vijesti \u010dlanica\"],\"inLanguage\":\"hr\"},{\"@type\":\"WebPage\",\"@id\":\"https:\/\/cvca.hr\/hr\/private-equity-fond-prosperus-growth-preuzeo-hrvatsku-it-tvrtku-neos\/\",\"url\":\"https:\/\/cvca.hr\/hr\/private-equity-fond-prosperus-growth-preuzeo-hrvatsku-it-tvrtku-neos\/\",\"name\":\"Private Equity Fond Prosperus Growth preuzeo hrvatsku IT tvrtku Neos\",\"isPartOf\":{\"@id\":\"https:\/\/cvca.hr\/#website\"},\"datePublished\":\"2022-01-06T11:59:25+00:00\",\"dateModified\":\"2022-01-19T16:17:12+00:00\",\"description\":\"Private Equity fond Prosperus Growth u\u0161ao je u strate\u0161ko partnerstvo s tvrtkom Neos, hrvatska kompanija specijalizirana za naprednu IT tehnologiju.\",\"breadcrumb\":{\"@id\":\"https:\/\/cvca.hr\/hr\/private-equity-fond-prosperus-growth-preuzeo-hrvatsku-it-tvrtku-neos\/#breadcrumb\"},\"inLanguage\":\"hr\",\"potentialAction\":[{\"@type\":\"ReadAction\",\"target\":[\"https:\/\/cvca.hr\/hr\/private-equity-fond-prosperus-growth-preuzeo-hrvatsku-it-tvrtku-neos\/\"]}]},{\"@type\":\"BreadcrumbList\",\"@id\":\"https:\/\/cvca.hr\/hr\/private-equity-fond-prosperus-growth-preuzeo-hrvatsku-it-tvrtku-neos\/#breadcrumb\",\"itemListElement\":[{\"@type\":\"ListItem\",\"position\":1,\"name\":\"Home\",\"item\":\"https:\/\/cvca.hr\/\"},{\"@type\":\"ListItem\",\"position\":2,\"name\":\"Private Equity Fond Prosperus Growth preuzeo hrvatsku IT tvrtku Neos\"}]},{\"@type\":\"WebSite\",\"@id\":\"https:\/\/cvca.hr\/#website\",\"url\":\"https:\/\/cvca.hr\/\",\"name\":\"CVCA\",\"description\":\"Croatian Private Equity and Venture Capital Association\",\"publisher\":{\"@id\":\"https:\/\/cvca.hr\/#organization\"},\"potentialAction\":[{\"@type\":\"SearchAction\",\"target\":{\"@type\":\"EntryPoint\",\"urlTemplate\":\"https:\/\/cvca.hr\/?s={search_term_string}\"},\"query-input\":\"required name=search_term_string\"}],\"inLanguage\":\"hr\"},{\"@type\":\"Organization\",\"@id\":\"https:\/\/cvca.hr\/#organization\",\"name\":\"CVCA\",\"url\":\"https:\/\/cvca.hr\/\",\"logo\":{\"@type\":\"ImageObject\",\"inLanguage\":\"hr\",\"@id\":\"https:\/\/cvca.hr\/#\/schema\/logo\/image\/\",\"url\":\"https:\/\/cvca.hr\/wp-content\/uploads\/2021\/12\/cvca-logo.png\",\"contentUrl\":\"https:\/\/cvca.hr\/wp-content\/uploads\/2021\/12\/cvca-logo.png\",\"width\":500,\"height\":127,\"caption\":\"CVCA\"},\"image\":{\"@id\":\"https:\/\/cvca.hr\/#\/schema\/logo\/image\/\"},\"sameAs\":[\"https:\/\/www.facebook.com\/cvca.hr\",\"https:\/\/twitter.com\/cvca_hr\",\"https:\/\/www.linkedin.com\/company\/52162469\/\"]},{\"@type\":\"Person\",\"@id\":\"https:\/\/cvca.hr\/#\/schema\/person\/e18d45fa927505481d363a9e92abfd7a\",\"name\":\"Marta zadravec\",\"image\":{\"@type\":\"ImageObject\",\"inLanguage\":\"hr\",\"@id\":\"https:\/\/cvca.hr\/#\/schema\/person\/image\/\",\"url\":\"https:\/\/secure.gravatar.com\/avatar\/f9ddb7c80f0b7e85edc9f9ea214b390b7ba31fe8f558ea3196b49d87ad04d16e?s=96&d=mm&r=g\",\"contentUrl\":\"https:\/\/secure.gravatar.com\/avatar\/f9ddb7c80f0b7e85edc9f9ea214b390b7ba31fe8f558ea3196b49d87ad04d16e?s=96&d=mm&r=g\",\"caption\":\"Marta zadravec\"},\"url\":\"https:\/\/cvca.hr\/hr\/author\/marta\/\"}]}<\/script>\n<!-- \/ Yoast SEO Premium plugin. -->","yoast_head_json":{"title":"Private Equity Fond Prosperus Growth preuzeo hrvatsku IT tvrtku Neos","description":"Private Equity fond Prosperus Growth u\u0161ao je u strate\u0161ko partnerstvo s tvrtkom Neos, hrvatska kompanija specijalizirana za naprednu IT tehnologiju.","robots":{"index":"index","follow":"follow","max-snippet":"max-snippet:-1","max-image-preview":"max-image-preview:large","max-video-preview":"max-video-preview:-1"},"canonical":"https:\/\/cvca.hr\/hr\/private-equity-fond-prosperus-growth-preuzeo-hrvatsku-it-tvrtku-neos\/","og_locale":"hr_HR","og_type":"article","og_title":"Private Equity Fond Prosperus Growth preuzeo hrvatsku IT tvrtku Neos","og_description":"Private Equity fond Prosperus Growth u\u0161ao je u strate\u0161ko partnerstvo s tvrtkom Neos, hrvatska kompanija specijalizirana za naprednu IT tehnologiju.","og_url":"https:\/\/cvca.hr\/hr\/private-equity-fond-prosperus-growth-preuzeo-hrvatsku-it-tvrtku-neos\/","og_site_name":"CVCA","article_publisher":"https:\/\/www.facebook.com\/cvca.hr","article_published_time":"2022-01-06T11:59:25+00:00","article_modified_time":"2022-01-19T16:17:12+00:00","og_image":[{"width":1920,"height":1080,"url":"https:\/\/cvca.hr\/wp-content\/uploads\/2022\/01\/Private-Equity-Fund-Prosperus-Growth-takes-over-Croatian-IT-company-Neos.jpg","type":"image\/jpeg"}],"author":"Marta zadravec","twitter_card":"summary_large_image","twitter_creator":"@cvca_hr","twitter_site":"@cvca_hr","twitter_misc":{"Napisao\/la":"Marta zadravec","Procijenjeno vrijeme \u010ditanja":"3 minute"},"schema":{"@context":"https:\/\/schema.org","@graph":[{"@type":"Article","@id":"https:\/\/cvca.hr\/hr\/private-equity-fond-prosperus-growth-preuzeo-hrvatsku-it-tvrtku-neos\/#article","isPartOf":{"@id":"https:\/\/cvca.hr\/hr\/private-equity-fond-prosperus-growth-preuzeo-hrvatsku-it-tvrtku-neos\/"},"author":{"name":"Marta zadravec","@id":"https:\/\/cvca.hr\/#\/schema\/person\/e18d45fa927505481d363a9e92abfd7a"},"headline":"Private Equity Fond Prosperus Growth preuzeo hrvatsku IT tvrtku Neos","datePublished":"2022-01-06T11:59:25+00:00","dateModified":"2022-01-19T16:17:12+00:00","mainEntityOfPage":{"@id":"https:\/\/cvca.hr\/hr\/private-equity-fond-prosperus-growth-preuzeo-hrvatsku-it-tvrtku-neos\/"},"wordCount":603,"publisher":{"@id":"https:\/\/cvca.hr\/#organization"},"articleSection":["Novosti","Vijesti \u010dlanica"],"inLanguage":"hr"},{"@type":"WebPage","@id":"https:\/\/cvca.hr\/hr\/private-equity-fond-prosperus-growth-preuzeo-hrvatsku-it-tvrtku-neos\/","url":"https:\/\/cvca.hr\/hr\/private-equity-fond-prosperus-growth-preuzeo-hrvatsku-it-tvrtku-neos\/","name":"Private Equity Fond Prosperus Growth preuzeo hrvatsku IT tvrtku Neos","isPartOf":{"@id":"https:\/\/cvca.hr\/#website"},"datePublished":"2022-01-06T11:59:25+00:00","dateModified":"2022-01-19T16:17:12+00:00","description":"Private Equity fond Prosperus Growth u\u0161ao je u strate\u0161ko partnerstvo s tvrtkom Neos, hrvatska kompanija specijalizirana za naprednu IT tehnologiju.","breadcrumb":{"@id":"https:\/\/cvca.hr\/hr\/private-equity-fond-prosperus-growth-preuzeo-hrvatsku-it-tvrtku-neos\/#breadcrumb"},"inLanguage":"hr","potentialAction":[{"@type":"ReadAction","target":["https:\/\/cvca.hr\/hr\/private-equity-fond-prosperus-growth-preuzeo-hrvatsku-it-tvrtku-neos\/"]}]},{"@type":"BreadcrumbList","@id":"https:\/\/cvca.hr\/hr\/private-equity-fond-prosperus-growth-preuzeo-hrvatsku-it-tvrtku-neos\/#breadcrumb","itemListElement":[{"@type":"ListItem","position":1,"name":"Home","item":"https:\/\/cvca.hr\/"},{"@type":"ListItem","position":2,"name":"Private Equity Fond Prosperus Growth preuzeo hrvatsku IT tvrtku Neos"}]},{"@type":"WebSite","@id":"https:\/\/cvca.hr\/#website","url":"https:\/\/cvca.hr\/","name":"CVCA","description":"Croatian Private Equity and Venture Capital Association","publisher":{"@id":"https:\/\/cvca.hr\/#organization"},"potentialAction":[{"@type":"SearchAction","target":{"@type":"EntryPoint","urlTemplate":"https:\/\/cvca.hr\/?s={search_term_string}"},"query-input":"required name=search_term_string"}],"inLanguage":"hr"},{"@type":"Organization","@id":"https:\/\/cvca.hr\/#organization","name":"CVCA","url":"https:\/\/cvca.hr\/","logo":{"@type":"ImageObject","inLanguage":"hr","@id":"https:\/\/cvca.hr\/#\/schema\/logo\/image\/","url":"https:\/\/cvca.hr\/wp-content\/uploads\/2021\/12\/cvca-logo.png","contentUrl":"https:\/\/cvca.hr\/wp-content\/uploads\/2021\/12\/cvca-logo.png","width":500,"height":127,"caption":"CVCA"},"image":{"@id":"https:\/\/cvca.hr\/#\/schema\/logo\/image\/"},"sameAs":["https:\/\/www.facebook.com\/cvca.hr","https:\/\/twitter.com\/cvca_hr","https:\/\/www.linkedin.com\/company\/52162469\/"]},{"@type":"Person","@id":"https:\/\/cvca.hr\/#\/schema\/person\/e18d45fa927505481d363a9e92abfd7a","name":"Marta zadravec","image":{"@type":"ImageObject","inLanguage":"hr","@id":"https:\/\/cvca.hr\/#\/schema\/person\/image\/","url":"https:\/\/secure.gravatar.com\/avatar\/f9ddb7c80f0b7e85edc9f9ea214b390b7ba31fe8f558ea3196b49d87ad04d16e?s=96&d=mm&r=g","contentUrl":"https:\/\/secure.gravatar.com\/avatar\/f9ddb7c80f0b7e85edc9f9ea214b390b7ba31fe8f558ea3196b49d87ad04d16e?s=96&d=mm&r=g","caption":"Marta zadravec"},"url":"https:\/\/cvca.hr\/hr\/author\/marta\/"}]}},"_links":{"self":[{"href":"https:\/\/cvca.hr\/hr\/wp-json\/wp\/v2\/posts\/1254","targetHints":{"allow":["GET"]}}],"collection":[{"href":"https:\/\/cvca.hr\/hr\/wp-json\/wp\/v2\/posts"}],"about":[{"href":"https:\/\/cvca.hr\/hr\/wp-json\/wp\/v2\/types\/post"}],"author":[{"embeddable":true,"href":"https:\/\/cvca.hr\/hr\/wp-json\/wp\/v2\/users\/2"}],"replies":[{"embeddable":true,"href":"https:\/\/cvca.hr\/hr\/wp-json\/wp\/v2\/comments?post=1254"}],"version-history":[{"count":0,"href":"https:\/\/cvca.hr\/hr\/wp-json\/wp\/v2\/posts\/1254\/revisions"}],"wp:featuredmedia":[{"embeddable":true,"href":"https:\/\/cvca.hr\/hr\/wp-json\/wp\/v2\/media\/770"}],"wp:attachment":[{"href":"https:\/\/cvca.hr\/hr\/wp-json\/wp\/v2\/media?parent=1254"}],"wp:term":[{"taxonomy":"category","embeddable":true,"href":"https:\/\/cvca.hr\/hr\/wp-json\/wp\/v2\/categories?post=1254"},{"taxonomy":"post_tag","embeddable":true,"href":"https:\/\/cvca.hr\/hr\/wp-json\/wp\/v2\/tags?post=1254"}],"curies":[{"name":"wp","href":"https:\/\/api.w.org\/{rel}","templated":true}]}}