{"id":1261,"date":"2022-01-06T11:55:06","date_gmt":"2022-01-06T11:55:06","guid":{"rendered":"https:\/\/cvca.hr\/provectus-capital-partners-pcp-realizirao-investiciju-u-polikliniku-salona-dental-i-pokrece-prvu-regionalnu-dentalnu-grupaciju-adria-dental-group\/"},"modified":"2022-01-19T16:19:14","modified_gmt":"2022-01-19T16:19:14","slug":"provectus-capital-partners-pcp-realizirao-investiciju-u-polikliniku-salona-dental-i-pokrece-prvu-regionalnu-dentalnu-grupaciju-adria-dental-group","status":"publish","type":"post","link":"https:\/\/cvca.hr\/hr\/provectus-capital-partners-pcp-realizirao-investiciju-u-polikliniku-salona-dental-i-pokrece-prvu-regionalnu-dentalnu-grupaciju-adria-dental-group\/","title":{"rendered":"Provectus Capital Partners (PCP) realizirao investiciju u polikliniku Salona Dental i pokre\u0107e prvu regionalnu dentalnu grupaciju Adria Dental Group"},"content":{"rendered":"<p>Adria Dental Group, u sklopu koje \u0107e poslovati stomatolo\u0161ke poliklinike Arena i Salona Dental, bit \u0107e sredi\u0161nje mjesto konsolidacije dentalnog sektora koju je pokrenuo PCP.<\/p>\n<p>Provectus Capital Partners (PCP), investicijsko dru\u0161tvo usmjereno na tr\u017ei\u0161ta jugoisto\u010dne Europe, investirao je u stomatolo\u0161ku polikliniku Salona Dental iz Solina, vode\u0107u polikliniku u Dalmaciji. Nakon investicije u zagreba\u010dku stomatolo\u0161ku polikliniku Arena u lipnju ove godine, ovo je drugo ulaganje fonda u dentalnom sektoru u RH.<\/p>\n<p>U sklopu Poliklinike Salona Dental nalazi se 10 moderno opremljenih ordinacija, dijagnostika i zubotehni\u010dki laboratorij. Istovremeno s ulaganjem u Salonu Dental, PCP pokre\u0107e Adria Dental Group, prvu regionalnu dentalnu grupaciju unutar koje \u0107e nastaviti poslovati poliklinika Arena i poliklinika Salona Dental. Adria Dental Group bit \u0107e sredi\u0161nje mjesto konsolidacije dentalnog sektora koju je pokrenuo PCP.<\/p>\n<p>\u201cUlaganja u privatni zdravstveni sektor i u dentalni sektor su okosnice ulaganja na\u0161eg fonda jer u tim djelatnostima vidimo veliki potencijal rasta u Hrvatskoj i regiji. Sa Salonom Dental dobivamo vode\u0107u polikliniku u Dalmaciji, s timom vrhunskih stru\u010dnjaka i najmodernijom tehnologijom. Objedinjeni nastup na\u0161ih dentalnih poliklinika kroz Adria Dental Group omogu\u0107it \u0107e jo\u0161 kvalitetnije pozicioniranje i jo\u0161 br\u017ei rast u Hrvatskoj, ali i na stranim tr\u017ei\u0161tima iz kojeg dolazi velika potra\u017enja za doma\u0107im dentalnim uslugama. U Hrvatskoj je postavljen visok standard usluga, a Adria Dental Group \u0107e taj standard nastaviti razvijati kroz daljnja ulaganja u nove tehnologije i djelatnike\u201d, izjavio je Igor \u010ci\u010dak, predsjednik Uprave i glavni partner PCP-a.<\/p>\n<p>Investicija u Polikliniku Salona Dental predstavlja tre\u0107u investiciju u privatno zdravstvo PCP-ovog fonda razvojnog kapitala ASEF (Adriatic Structured Equity Fund), koji podr\u017eavaju Europski investicijski fond i Hrvatska banka za obnovu i razvitak u sklopu CROGIP programa.<\/p>\n<p>Provectus Capital Partners (PCP) je \u010dlan Hrvatske Private Equity i Venture Capital Asocijacije (CVCA).<\/p>\n","protected":false},"excerpt":{"rendered":"<p>Adria Dental Group, u sklopu koje \u0107e poslovati stomatolo\u0161ke poliklinike Arena i Salona Dental, bit \u0107e sredi\u0161nje mjesto konsolidacije dentalnog sektora koju je pokrenuo PCP. Provectus Capital Partners (PCP), investicijsko dru\u0161tvo usmjereno na tr\u017ei\u0161ta jugoisto\u010dne Europe, investirao je u stomatolo\u0161ku polikliniku Salona Dental iz Solina, vode\u0107u polikliniku u Dalmaciji. Nakon investicije u zagreba\u010dku stomatolo\u0161ku polikliniku [&hellip;]<\/p>\n","protected":false},"author":2,"featured_media":762,"comment_status":"closed","ping_status":"closed","sticky":false,"template":"","format":"standard","meta":{"footnotes":""},"categories":[57,58],"tags":[],"class_list":["post-1261","post","type-post","status-publish","format-standard","has-post-thumbnail","hentry","category-novosti","category-vijesti-clanica"],"acf":[],"yoast_head":"<!-- This site is optimized with the Yoast SEO Premium plugin v21.7 (Yoast SEO v21.8) - https:\/\/yoast.com\/wordpress\/plugins\/seo\/ -->\n<title>Provectus Capital Partners (PCP) realizirao investiciju u polikliniku Salona Dental i pokre\u0107e prvu regionalnu dentalnu grupaciju Adria Dental Group<\/title>\n<meta name=\"description\" content=\"Provectus Capital Partners (PCP) zavr\u0161ava investiciju u Stomatolo\u0161koj poliklinici Salona; pokre\u0107e prvu regionalnu dentalnu grupu, Adria Dental Group.\" \/>\n<meta name=\"robots\" content=\"index, follow, max-snippet:-1, max-image-preview:large, max-video-preview:-1\" \/>\n<link rel=\"canonical\" href=\"https:\/\/cvca.hr\/hr\/provectus-capital-partners-pcp-realizirao-investiciju-u-polikliniku-salona-dental-i-pokrece-prvu-regionalnu-dentalnu-grupaciju-adria-dental-group\/\" \/>\n<meta property=\"og:locale\" content=\"hr_HR\" \/>\n<meta property=\"og:type\" content=\"article\" \/>\n<meta property=\"og:title\" content=\"Provectus Capital Partners (PCP) realizirao investiciju u polikliniku Salona Dental i pokre\u0107e prvu regionalnu dentalnu grupaciju Adria Dental Group\" \/>\n<meta property=\"og:description\" content=\"Provectus Capital Partners (PCP) zavr\u0161ava investiciju u Stomatolo\u0161koj poliklinici Salona; pokre\u0107e prvu regionalnu dentalnu grupu, Adria Dental Group.\" \/>\n<meta property=\"og:url\" content=\"https:\/\/cvca.hr\/hr\/provectus-capital-partners-pcp-realizirao-investiciju-u-polikliniku-salona-dental-i-pokrece-prvu-regionalnu-dentalnu-grupaciju-adria-dental-group\/\" \/>\n<meta property=\"og:site_name\" content=\"CVCA\" \/>\n<meta property=\"article:publisher\" content=\"https:\/\/www.facebook.com\/cvca.hr\" \/>\n<meta property=\"article:published_time\" content=\"2022-01-06T11:55:06+00:00\" \/>\n<meta property=\"article:modified_time\" content=\"2022-01-19T16:19:14+00:00\" \/>\n<meta property=\"og:image\" content=\"https:\/\/cvca.hr\/wp-content\/uploads\/2022\/01\/Provectus-Capital-Partners-PCP-completes-investment-in-Salona-Dental-Polyclinic-launches-first-regional-dental-group-Adria-Dental-Group.jpg\" \/>\n\t<meta property=\"og:image:width\" content=\"1920\" \/>\n\t<meta property=\"og:image:height\" content=\"1080\" \/>\n\t<meta property=\"og:image:type\" content=\"image\/jpeg\" \/>\n<meta name=\"author\" content=\"Marta zadravec\" \/>\n<meta name=\"twitter:card\" content=\"summary_large_image\" \/>\n<meta name=\"twitter:creator\" content=\"@cvca_hr\" \/>\n<meta name=\"twitter:site\" content=\"@cvca_hr\" \/>\n<meta name=\"twitter:label1\" content=\"Napisao\/la\" \/>\n\t<meta name=\"twitter:data1\" content=\"Marta zadravec\" \/>\n\t<meta name=\"twitter:label2\" content=\"Procijenjeno vrijeme \u010ditanja\" \/>\n\t<meta name=\"twitter:data2\" content=\"2 minute\" \/>\n<script type=\"application\/ld+json\" class=\"yoast-schema-graph\">{\"@context\":\"https:\/\/schema.org\",\"@graph\":[{\"@type\":\"Article\",\"@id\":\"https:\/\/cvca.hr\/hr\/provectus-capital-partners-pcp-realizirao-investiciju-u-polikliniku-salona-dental-i-pokrece-prvu-regionalnu-dentalnu-grupaciju-adria-dental-group\/#article\",\"isPartOf\":{\"@id\":\"https:\/\/cvca.hr\/hr\/provectus-capital-partners-pcp-realizirao-investiciju-u-polikliniku-salona-dental-i-pokrece-prvu-regionalnu-dentalnu-grupaciju-adria-dental-group\/\"},\"author\":{\"name\":\"Marta zadravec\",\"@id\":\"https:\/\/cvca.hr\/#\/schema\/person\/e18d45fa927505481d363a9e92abfd7a\"},\"headline\":\"Provectus Capital Partners (PCP) realizirao investiciju u polikliniku Salona Dental i pokre\u0107e prvu regionalnu dentalnu grupaciju Adria Dental Group\",\"datePublished\":\"2022-01-06T11:55:06+00:00\",\"dateModified\":\"2022-01-19T16:19:14+00:00\",\"mainEntityOfPage\":{\"@id\":\"https:\/\/cvca.hr\/hr\/provectus-capital-partners-pcp-realizirao-investiciju-u-polikliniku-salona-dental-i-pokrece-prvu-regionalnu-dentalnu-grupaciju-adria-dental-group\/\"},\"wordCount\":329,\"publisher\":{\"@id\":\"https:\/\/cvca.hr\/#organization\"},\"articleSection\":[\"Novosti\",\"Vijesti \u010dlanica\"],\"inLanguage\":\"hr\"},{\"@type\":\"WebPage\",\"@id\":\"https:\/\/cvca.hr\/hr\/provectus-capital-partners-pcp-realizirao-investiciju-u-polikliniku-salona-dental-i-pokrece-prvu-regionalnu-dentalnu-grupaciju-adria-dental-group\/\",\"url\":\"https:\/\/cvca.hr\/hr\/provectus-capital-partners-pcp-realizirao-investiciju-u-polikliniku-salona-dental-i-pokrece-prvu-regionalnu-dentalnu-grupaciju-adria-dental-group\/\",\"name\":\"Provectus Capital Partners (PCP) realizirao investiciju u polikliniku Salona Dental i pokre\u0107e prvu regionalnu dentalnu grupaciju Adria Dental Group\",\"isPartOf\":{\"@id\":\"https:\/\/cvca.hr\/#website\"},\"datePublished\":\"2022-01-06T11:55:06+00:00\",\"dateModified\":\"2022-01-19T16:19:14+00:00\",\"description\":\"Provectus Capital Partners (PCP) zavr\u0161ava investiciju u Stomatolo\u0161koj poliklinici Salona; pokre\u0107e prvu regionalnu dentalnu grupu, Adria Dental Group.\",\"breadcrumb\":{\"@id\":\"https:\/\/cvca.hr\/hr\/provectus-capital-partners-pcp-realizirao-investiciju-u-polikliniku-salona-dental-i-pokrece-prvu-regionalnu-dentalnu-grupaciju-adria-dental-group\/#breadcrumb\"},\"inLanguage\":\"hr\",\"potentialAction\":[{\"@type\":\"ReadAction\",\"target\":[\"https:\/\/cvca.hr\/hr\/provectus-capital-partners-pcp-realizirao-investiciju-u-polikliniku-salona-dental-i-pokrece-prvu-regionalnu-dentalnu-grupaciju-adria-dental-group\/\"]}]},{\"@type\":\"BreadcrumbList\",\"@id\":\"https:\/\/cvca.hr\/hr\/provectus-capital-partners-pcp-realizirao-investiciju-u-polikliniku-salona-dental-i-pokrece-prvu-regionalnu-dentalnu-grupaciju-adria-dental-group\/#breadcrumb\",\"itemListElement\":[{\"@type\":\"ListItem\",\"position\":1,\"name\":\"Home\",\"item\":\"https:\/\/cvca.hr\/\"},{\"@type\":\"ListItem\",\"position\":2,\"name\":\"Provectus Capital Partners (PCP) realizirao investiciju u polikliniku Salona Dental i pokre\u0107e prvu regionalnu dentalnu grupaciju Adria Dental Group\"}]},{\"@type\":\"WebSite\",\"@id\":\"https:\/\/cvca.hr\/#website\",\"url\":\"https:\/\/cvca.hr\/\",\"name\":\"CVCA\",\"description\":\"Croatian Private Equity and Venture Capital Association\",\"publisher\":{\"@id\":\"https:\/\/cvca.hr\/#organization\"},\"potentialAction\":[{\"@type\":\"SearchAction\",\"target\":{\"@type\":\"EntryPoint\",\"urlTemplate\":\"https:\/\/cvca.hr\/?s={search_term_string}\"},\"query-input\":\"required name=search_term_string\"}],\"inLanguage\":\"hr\"},{\"@type\":\"Organization\",\"@id\":\"https:\/\/cvca.hr\/#organization\",\"name\":\"CVCA\",\"url\":\"https:\/\/cvca.hr\/\",\"logo\":{\"@type\":\"ImageObject\",\"inLanguage\":\"hr\",\"@id\":\"https:\/\/cvca.hr\/#\/schema\/logo\/image\/\",\"url\":\"https:\/\/cvca.hr\/wp-content\/uploads\/2021\/12\/cvca-logo.png\",\"contentUrl\":\"https:\/\/cvca.hr\/wp-content\/uploads\/2021\/12\/cvca-logo.png\",\"width\":500,\"height\":127,\"caption\":\"CVCA\"},\"image\":{\"@id\":\"https:\/\/cvca.hr\/#\/schema\/logo\/image\/\"},\"sameAs\":[\"https:\/\/www.facebook.com\/cvca.hr\",\"https:\/\/twitter.com\/cvca_hr\",\"https:\/\/www.linkedin.com\/company\/52162469\/\"]},{\"@type\":\"Person\",\"@id\":\"https:\/\/cvca.hr\/#\/schema\/person\/e18d45fa927505481d363a9e92abfd7a\",\"name\":\"Marta zadravec\",\"image\":{\"@type\":\"ImageObject\",\"inLanguage\":\"hr\",\"@id\":\"https:\/\/cvca.hr\/#\/schema\/person\/image\/\",\"url\":\"https:\/\/secure.gravatar.com\/avatar\/f9ddb7c80f0b7e85edc9f9ea214b390b7ba31fe8f558ea3196b49d87ad04d16e?s=96&d=mm&r=g\",\"contentUrl\":\"https:\/\/secure.gravatar.com\/avatar\/f9ddb7c80f0b7e85edc9f9ea214b390b7ba31fe8f558ea3196b49d87ad04d16e?s=96&d=mm&r=g\",\"caption\":\"Marta zadravec\"},\"url\":\"https:\/\/cvca.hr\/hr\/author\/marta\/\"}]}<\/script>\n<!-- \/ Yoast SEO Premium plugin. -->","yoast_head_json":{"title":"Provectus Capital Partners (PCP) realizirao investiciju u polikliniku Salona Dental i pokre\u0107e prvu regionalnu dentalnu grupaciju Adria Dental Group","description":"Provectus Capital Partners (PCP) zavr\u0161ava investiciju u Stomatolo\u0161koj poliklinici Salona; pokre\u0107e prvu regionalnu dentalnu grupu, Adria Dental Group.","robots":{"index":"index","follow":"follow","max-snippet":"max-snippet:-1","max-image-preview":"max-image-preview:large","max-video-preview":"max-video-preview:-1"},"canonical":"https:\/\/cvca.hr\/hr\/provectus-capital-partners-pcp-realizirao-investiciju-u-polikliniku-salona-dental-i-pokrece-prvu-regionalnu-dentalnu-grupaciju-adria-dental-group\/","og_locale":"hr_HR","og_type":"article","og_title":"Provectus Capital Partners (PCP) realizirao investiciju u polikliniku Salona Dental i pokre\u0107e prvu regionalnu dentalnu grupaciju Adria Dental Group","og_description":"Provectus Capital Partners (PCP) zavr\u0161ava investiciju u Stomatolo\u0161koj poliklinici Salona; pokre\u0107e prvu regionalnu dentalnu grupu, Adria Dental Group.","og_url":"https:\/\/cvca.hr\/hr\/provectus-capital-partners-pcp-realizirao-investiciju-u-polikliniku-salona-dental-i-pokrece-prvu-regionalnu-dentalnu-grupaciju-adria-dental-group\/","og_site_name":"CVCA","article_publisher":"https:\/\/www.facebook.com\/cvca.hr","article_published_time":"2022-01-06T11:55:06+00:00","article_modified_time":"2022-01-19T16:19:14+00:00","og_image":[{"width":1920,"height":1080,"url":"https:\/\/cvca.hr\/wp-content\/uploads\/2022\/01\/Provectus-Capital-Partners-PCP-completes-investment-in-Salona-Dental-Polyclinic-launches-first-regional-dental-group-Adria-Dental-Group.jpg","type":"image\/jpeg"}],"author":"Marta zadravec","twitter_card":"summary_large_image","twitter_creator":"@cvca_hr","twitter_site":"@cvca_hr","twitter_misc":{"Napisao\/la":"Marta zadravec","Procijenjeno vrijeme \u010ditanja":"2 minute"},"schema":{"@context":"https:\/\/schema.org","@graph":[{"@type":"Article","@id":"https:\/\/cvca.hr\/hr\/provectus-capital-partners-pcp-realizirao-investiciju-u-polikliniku-salona-dental-i-pokrece-prvu-regionalnu-dentalnu-grupaciju-adria-dental-group\/#article","isPartOf":{"@id":"https:\/\/cvca.hr\/hr\/provectus-capital-partners-pcp-realizirao-investiciju-u-polikliniku-salona-dental-i-pokrece-prvu-regionalnu-dentalnu-grupaciju-adria-dental-group\/"},"author":{"name":"Marta zadravec","@id":"https:\/\/cvca.hr\/#\/schema\/person\/e18d45fa927505481d363a9e92abfd7a"},"headline":"Provectus Capital Partners (PCP) realizirao investiciju u polikliniku Salona Dental i pokre\u0107e prvu regionalnu dentalnu grupaciju Adria Dental Group","datePublished":"2022-01-06T11:55:06+00:00","dateModified":"2022-01-19T16:19:14+00:00","mainEntityOfPage":{"@id":"https:\/\/cvca.hr\/hr\/provectus-capital-partners-pcp-realizirao-investiciju-u-polikliniku-salona-dental-i-pokrece-prvu-regionalnu-dentalnu-grupaciju-adria-dental-group\/"},"wordCount":329,"publisher":{"@id":"https:\/\/cvca.hr\/#organization"},"articleSection":["Novosti","Vijesti \u010dlanica"],"inLanguage":"hr"},{"@type":"WebPage","@id":"https:\/\/cvca.hr\/hr\/provectus-capital-partners-pcp-realizirao-investiciju-u-polikliniku-salona-dental-i-pokrece-prvu-regionalnu-dentalnu-grupaciju-adria-dental-group\/","url":"https:\/\/cvca.hr\/hr\/provectus-capital-partners-pcp-realizirao-investiciju-u-polikliniku-salona-dental-i-pokrece-prvu-regionalnu-dentalnu-grupaciju-adria-dental-group\/","name":"Provectus Capital Partners (PCP) realizirao investiciju u polikliniku Salona Dental i pokre\u0107e prvu regionalnu dentalnu grupaciju Adria Dental Group","isPartOf":{"@id":"https:\/\/cvca.hr\/#website"},"datePublished":"2022-01-06T11:55:06+00:00","dateModified":"2022-01-19T16:19:14+00:00","description":"Provectus Capital Partners (PCP) zavr\u0161ava investiciju u Stomatolo\u0161koj poliklinici Salona; pokre\u0107e prvu regionalnu dentalnu grupu, Adria Dental Group.","breadcrumb":{"@id":"https:\/\/cvca.hr\/hr\/provectus-capital-partners-pcp-realizirao-investiciju-u-polikliniku-salona-dental-i-pokrece-prvu-regionalnu-dentalnu-grupaciju-adria-dental-group\/#breadcrumb"},"inLanguage":"hr","potentialAction":[{"@type":"ReadAction","target":["https:\/\/cvca.hr\/hr\/provectus-capital-partners-pcp-realizirao-investiciju-u-polikliniku-salona-dental-i-pokrece-prvu-regionalnu-dentalnu-grupaciju-adria-dental-group\/"]}]},{"@type":"BreadcrumbList","@id":"https:\/\/cvca.hr\/hr\/provectus-capital-partners-pcp-realizirao-investiciju-u-polikliniku-salona-dental-i-pokrece-prvu-regionalnu-dentalnu-grupaciju-adria-dental-group\/#breadcrumb","itemListElement":[{"@type":"ListItem","position":1,"name":"Home","item":"https:\/\/cvca.hr\/"},{"@type":"ListItem","position":2,"name":"Provectus Capital Partners (PCP) realizirao investiciju u polikliniku Salona Dental i pokre\u0107e prvu regionalnu dentalnu grupaciju Adria Dental Group"}]},{"@type":"WebSite","@id":"https:\/\/cvca.hr\/#website","url":"https:\/\/cvca.hr\/","name":"CVCA","description":"Croatian Private Equity and Venture Capital Association","publisher":{"@id":"https:\/\/cvca.hr\/#organization"},"potentialAction":[{"@type":"SearchAction","target":{"@type":"EntryPoint","urlTemplate":"https:\/\/cvca.hr\/?s={search_term_string}"},"query-input":"required name=search_term_string"}],"inLanguage":"hr"},{"@type":"Organization","@id":"https:\/\/cvca.hr\/#organization","name":"CVCA","url":"https:\/\/cvca.hr\/","logo":{"@type":"ImageObject","inLanguage":"hr","@id":"https:\/\/cvca.hr\/#\/schema\/logo\/image\/","url":"https:\/\/cvca.hr\/wp-content\/uploads\/2021\/12\/cvca-logo.png","contentUrl":"https:\/\/cvca.hr\/wp-content\/uploads\/2021\/12\/cvca-logo.png","width":500,"height":127,"caption":"CVCA"},"image":{"@id":"https:\/\/cvca.hr\/#\/schema\/logo\/image\/"},"sameAs":["https:\/\/www.facebook.com\/cvca.hr","https:\/\/twitter.com\/cvca_hr","https:\/\/www.linkedin.com\/company\/52162469\/"]},{"@type":"Person","@id":"https:\/\/cvca.hr\/#\/schema\/person\/e18d45fa927505481d363a9e92abfd7a","name":"Marta zadravec","image":{"@type":"ImageObject","inLanguage":"hr","@id":"https:\/\/cvca.hr\/#\/schema\/person\/image\/","url":"https:\/\/secure.gravatar.com\/avatar\/f9ddb7c80f0b7e85edc9f9ea214b390b7ba31fe8f558ea3196b49d87ad04d16e?s=96&d=mm&r=g","contentUrl":"https:\/\/secure.gravatar.com\/avatar\/f9ddb7c80f0b7e85edc9f9ea214b390b7ba31fe8f558ea3196b49d87ad04d16e?s=96&d=mm&r=g","caption":"Marta zadravec"},"url":"https:\/\/cvca.hr\/hr\/author\/marta\/"}]}},"_links":{"self":[{"href":"https:\/\/cvca.hr\/hr\/wp-json\/wp\/v2\/posts\/1261","targetHints":{"allow":["GET"]}}],"collection":[{"href":"https:\/\/cvca.hr\/hr\/wp-json\/wp\/v2\/posts"}],"about":[{"href":"https:\/\/cvca.hr\/hr\/wp-json\/wp\/v2\/types\/post"}],"author":[{"embeddable":true,"href":"https:\/\/cvca.hr\/hr\/wp-json\/wp\/v2\/users\/2"}],"replies":[{"embeddable":true,"href":"https:\/\/cvca.hr\/hr\/wp-json\/wp\/v2\/comments?post=1261"}],"version-history":[{"count":0,"href":"https:\/\/cvca.hr\/hr\/wp-json\/wp\/v2\/posts\/1261\/revisions"}],"wp:featuredmedia":[{"embeddable":true,"href":"https:\/\/cvca.hr\/hr\/wp-json\/wp\/v2\/media\/762"}],"wp:attachment":[{"href":"https:\/\/cvca.hr\/hr\/wp-json\/wp\/v2\/media?parent=1261"}],"wp:term":[{"taxonomy":"category","embeddable":true,"href":"https:\/\/cvca.hr\/hr\/wp-json\/wp\/v2\/categories?post=1261"},{"taxonomy":"post_tag","embeddable":true,"href":"https:\/\/cvca.hr\/hr\/wp-json\/wp\/v2\/tags?post=1261"}],"curies":[{"name":"wp","href":"https:\/\/api.w.org\/{rel}","templated":true}]}}