{"id":1269,"date":"2021-06-04T12:39:10","date_gmt":"2021-06-04T12:39:10","guid":{"rendered":"https:\/\/cvca.hr\/quaestus-prodao-spacvu-pervanovu\/"},"modified":"2022-01-19T16:25:22","modified_gmt":"2022-01-19T16:25:22","slug":"quaestus-prodao-spacvu-pervanovu","status":"publish","type":"post","link":"https:\/\/cvca.hr\/hr\/quaestus-prodao-spacvu-pervanovu\/","title":{"rendered":"Quaestus prodao Spa\u010dvu Pervanovu"},"content":{"rendered":"<p>Tvrtka Pervanovo, koja je u vlasni\u0161tvu Pervanovo Investa hrvatskog poduzetnika iz \u0160vedske Darka Pervana, u utorak je trima ugovorima o kupoprodaji stekla ukupno 98,68 posto dionica Drvne industrije Spa\u010dva te je najavila da \u0107e u propisanom roku objaviti ponudu za preuzimanje vinkova\u010dke tvrtke, objavljeno je putem Zagreba\u010dke burze.<\/p>\n<p>Prema podacima iz objave o nastanku obveze objave ponude za preuzimanje, Pervanovo je danas sklopilo kupoprodajni ugovor s fondom Quaestus Private Equity kapital II kojim je steklo \u010detiri milijuna dionica, ili 75,81 posto dionica Spa\u010dve. Dubrova\u010dka je tvrtka sklopila jo\u0161 dva ugovora o kupoprodaji, a ta su stjecanja uvjetovana isplatom kupoprodajne cijene.<\/p>\n<p>Takav je ugovor Pervanovo sklopilo s Hrvatskom po\u0161tanskom bankom (HPB), a njime je kupilo dodatnih milijun dionica ili 18,95 posto dionica Spa\u010dve. Tre\u0107i je ugovor sklopljen s alternativnim investicijskim fondom MWM 1, a odnosi se na kupnju dodatnih 206.681 dionicu ili 3,92 posto dionica. Iznos transakcija nije poznat.<\/p>\n<p>Ina\u010de, promjene vlasni\u0161tva Spa\u010dve najavljena je jo\u0161 ranije, a ta je tvrtka krajem sije\u010dnja ove godine objavila da su zainteresirani potencijalni kupci zapo\u010deli proces dubinskog snimanja. Naime, ve\u0107inski vlasnik Spa\u010dve je bio fond Quaestus Private Equity kapital II, s udjelom od 75,81 posto, koji je sredinom listopada pro\u0161le godine objavio da se nalazi u &#8220;posljednjoj godini trajanja te da poduzima radnje u cilju prodaje svojih dionica&#8221;. Fond Quaestus je u Spa\u010dvu ulo\u017eio 2013. godine, nedugo nakon predste\u010dajne nagodbe te tvrtke, a sudjelovao je i u njenoj dokapitalizaciji 2017. godine. Mediji su krajem sije\u010dnja prenijeli da je za Spa\u010dvu uz ostalo zainteresiran i Darko Pervan, vlasnika Pervan Investa u \u0160vedskoj i tvrtke Bjelin koja ima proizvodne pogone u hrvatskim gradovima Bjelovar, Ogulin i Otok.<\/p>\n<p>O zna\u010daju Spa\u010dve govori i podatak kako je ova tvrtka i u vrijeme pandemije poslovala dobro te bilje\u017eila nova ulaganja.<\/p>\n<p>Quaestus Private Equity je \u010dlan Hrvatske Private Equity i Venture Capital Asocijacije (CVCA).<\/p>\n","protected":false},"excerpt":{"rendered":"<p>Tvrtka Pervanovo, koja je u vlasni\u0161tvu Pervanovo Investa hrvatskog poduzetnika iz \u0160vedske Darka Pervana, u utorak je trima ugovorima o kupoprodaji stekla ukupno 98,68 posto dionica Drvne industrije Spa\u010dva te je najavila da \u0107e u propisanom roku objaviti ponudu za preuzimanje vinkova\u010dke tvrtke, objavljeno je putem Zagreba\u010dke burze. Prema podacima iz objave o nastanku obveze [&hellip;]<\/p>\n","protected":false},"author":2,"featured_media":790,"comment_status":"closed","ping_status":"closed","sticky":false,"template":"","format":"standard","meta":{"footnotes":""},"categories":[57,58],"tags":[],"class_list":["post-1269","post","type-post","status-publish","format-standard","has-post-thumbnail","hentry","category-novosti","category-vijesti-clanica"],"acf":[],"yoast_head":"<!-- This site is optimized with the Yoast SEO Premium plugin v21.7 (Yoast SEO v21.8) - https:\/\/yoast.com\/wordpress\/plugins\/seo\/ -->\n<title>Quaestus prodao Spa\u010dvu Pervanovu<\/title>\n<meta name=\"description\" content=\"Pervanovo, hrvatski poduzetnik iz \u0160vedske Darko Pervan, stekao je ukupno 98,68 posto dionica Drvne industrije Spa\u010dva\" \/>\n<meta name=\"robots\" content=\"index, follow, max-snippet:-1, max-image-preview:large, max-video-preview:-1\" \/>\n<link rel=\"canonical\" href=\"https:\/\/cvca.hr\/hr\/quaestus-prodao-spacvu-pervanovu\/\" \/>\n<meta property=\"og:locale\" content=\"hr_HR\" \/>\n<meta property=\"og:type\" content=\"article\" \/>\n<meta property=\"og:title\" content=\"Quaestus prodao Spa\u010dvu Pervanovu\" \/>\n<meta property=\"og:description\" content=\"Pervanovo, hrvatski poduzetnik iz \u0160vedske Darko Pervan, stekao je ukupno 98,68 posto dionica Drvne industrije Spa\u010dva\" \/>\n<meta property=\"og:url\" content=\"https:\/\/cvca.hr\/hr\/quaestus-prodao-spacvu-pervanovu\/\" \/>\n<meta property=\"og:site_name\" content=\"CVCA\" \/>\n<meta property=\"article:publisher\" content=\"https:\/\/www.facebook.com\/cvca.hr\" \/>\n<meta property=\"article:published_time\" content=\"2021-06-04T12:39:10+00:00\" \/>\n<meta property=\"article:modified_time\" content=\"2022-01-19T16:25:22+00:00\" \/>\n<meta property=\"og:image\" content=\"https:\/\/cvca.hr\/wp-content\/uploads\/2022\/01\/Quaestus-sells-Spacva-to-Pervanovo.jpg\" \/>\n\t<meta property=\"og:image:width\" content=\"1920\" \/>\n\t<meta property=\"og:image:height\" content=\"1080\" \/>\n\t<meta property=\"og:image:type\" content=\"image\/jpeg\" \/>\n<meta name=\"author\" content=\"Marta zadravec\" \/>\n<meta name=\"twitter:card\" content=\"summary_large_image\" \/>\n<meta name=\"twitter:creator\" content=\"@cvca_hr\" \/>\n<meta name=\"twitter:site\" content=\"@cvca_hr\" \/>\n<meta name=\"twitter:label1\" content=\"Napisao\/la\" \/>\n\t<meta name=\"twitter:data1\" content=\"Marta zadravec\" \/>\n\t<meta name=\"twitter:label2\" content=\"Procijenjeno vrijeme \u010ditanja\" \/>\n\t<meta name=\"twitter:data2\" content=\"2 minute\" \/>\n<script type=\"application\/ld+json\" class=\"yoast-schema-graph\">{\"@context\":\"https:\/\/schema.org\",\"@graph\":[{\"@type\":\"Article\",\"@id\":\"https:\/\/cvca.hr\/hr\/quaestus-prodao-spacvu-pervanovu\/#article\",\"isPartOf\":{\"@id\":\"https:\/\/cvca.hr\/hr\/quaestus-prodao-spacvu-pervanovu\/\"},\"author\":{\"name\":\"Marta zadravec\",\"@id\":\"https:\/\/cvca.hr\/#\/schema\/person\/e18d45fa927505481d363a9e92abfd7a\"},\"headline\":\"Quaestus prodao Spa\u010dvu Pervanovu\",\"datePublished\":\"2021-06-04T12:39:10+00:00\",\"dateModified\":\"2022-01-19T16:25:22+00:00\",\"mainEntityOfPage\":{\"@id\":\"https:\/\/cvca.hr\/hr\/quaestus-prodao-spacvu-pervanovu\/\"},\"wordCount\":325,\"publisher\":{\"@id\":\"https:\/\/cvca.hr\/#organization\"},\"articleSection\":[\"Novosti\",\"Vijesti \u010dlanica\"],\"inLanguage\":\"hr\"},{\"@type\":\"WebPage\",\"@id\":\"https:\/\/cvca.hr\/hr\/quaestus-prodao-spacvu-pervanovu\/\",\"url\":\"https:\/\/cvca.hr\/hr\/quaestus-prodao-spacvu-pervanovu\/\",\"name\":\"Quaestus prodao Spa\u010dvu Pervanovu\",\"isPartOf\":{\"@id\":\"https:\/\/cvca.hr\/#website\"},\"datePublished\":\"2021-06-04T12:39:10+00:00\",\"dateModified\":\"2022-01-19T16:25:22+00:00\",\"description\":\"Pervanovo, hrvatski poduzetnik iz \u0160vedske Darko Pervan, stekao je ukupno 98,68 posto dionica Drvne industrije Spa\u010dva\",\"breadcrumb\":{\"@id\":\"https:\/\/cvca.hr\/hr\/quaestus-prodao-spacvu-pervanovu\/#breadcrumb\"},\"inLanguage\":\"hr\",\"potentialAction\":[{\"@type\":\"ReadAction\",\"target\":[\"https:\/\/cvca.hr\/hr\/quaestus-prodao-spacvu-pervanovu\/\"]}]},{\"@type\":\"BreadcrumbList\",\"@id\":\"https:\/\/cvca.hr\/hr\/quaestus-prodao-spacvu-pervanovu\/#breadcrumb\",\"itemListElement\":[{\"@type\":\"ListItem\",\"position\":1,\"name\":\"Home\",\"item\":\"https:\/\/cvca.hr\/\"},{\"@type\":\"ListItem\",\"position\":2,\"name\":\"Quaestus prodao Spa\u010dvu Pervanovu\"}]},{\"@type\":\"WebSite\",\"@id\":\"https:\/\/cvca.hr\/#website\",\"url\":\"https:\/\/cvca.hr\/\",\"name\":\"CVCA\",\"description\":\"Croatian Private Equity and Venture Capital Association\",\"publisher\":{\"@id\":\"https:\/\/cvca.hr\/#organization\"},\"potentialAction\":[{\"@type\":\"SearchAction\",\"target\":{\"@type\":\"EntryPoint\",\"urlTemplate\":\"https:\/\/cvca.hr\/?s={search_term_string}\"},\"query-input\":\"required name=search_term_string\"}],\"inLanguage\":\"hr\"},{\"@type\":\"Organization\",\"@id\":\"https:\/\/cvca.hr\/#organization\",\"name\":\"CVCA\",\"url\":\"https:\/\/cvca.hr\/\",\"logo\":{\"@type\":\"ImageObject\",\"inLanguage\":\"hr\",\"@id\":\"https:\/\/cvca.hr\/#\/schema\/logo\/image\/\",\"url\":\"https:\/\/cvca.hr\/wp-content\/uploads\/2021\/12\/cvca-logo.png\",\"contentUrl\":\"https:\/\/cvca.hr\/wp-content\/uploads\/2021\/12\/cvca-logo.png\",\"width\":500,\"height\":127,\"caption\":\"CVCA\"},\"image\":{\"@id\":\"https:\/\/cvca.hr\/#\/schema\/logo\/image\/\"},\"sameAs\":[\"https:\/\/www.facebook.com\/cvca.hr\",\"https:\/\/twitter.com\/cvca_hr\",\"https:\/\/www.linkedin.com\/company\/52162469\/\"]},{\"@type\":\"Person\",\"@id\":\"https:\/\/cvca.hr\/#\/schema\/person\/e18d45fa927505481d363a9e92abfd7a\",\"name\":\"Marta zadravec\",\"image\":{\"@type\":\"ImageObject\",\"inLanguage\":\"hr\",\"@id\":\"https:\/\/cvca.hr\/#\/schema\/person\/image\/\",\"url\":\"https:\/\/secure.gravatar.com\/avatar\/f9ddb7c80f0b7e85edc9f9ea214b390b7ba31fe8f558ea3196b49d87ad04d16e?s=96&d=mm&r=g\",\"contentUrl\":\"https:\/\/secure.gravatar.com\/avatar\/f9ddb7c80f0b7e85edc9f9ea214b390b7ba31fe8f558ea3196b49d87ad04d16e?s=96&d=mm&r=g\",\"caption\":\"Marta zadravec\"},\"url\":\"https:\/\/cvca.hr\/hr\/author\/marta\/\"}]}<\/script>\n<!-- \/ Yoast SEO Premium plugin. -->","yoast_head_json":{"title":"Quaestus prodao Spa\u010dvu Pervanovu","description":"Pervanovo, hrvatski poduzetnik iz \u0160vedske Darko Pervan, stekao je ukupno 98,68 posto dionica Drvne industrije Spa\u010dva","robots":{"index":"index","follow":"follow","max-snippet":"max-snippet:-1","max-image-preview":"max-image-preview:large","max-video-preview":"max-video-preview:-1"},"canonical":"https:\/\/cvca.hr\/hr\/quaestus-prodao-spacvu-pervanovu\/","og_locale":"hr_HR","og_type":"article","og_title":"Quaestus prodao Spa\u010dvu Pervanovu","og_description":"Pervanovo, hrvatski poduzetnik iz \u0160vedske Darko Pervan, stekao je ukupno 98,68 posto dionica Drvne industrije Spa\u010dva","og_url":"https:\/\/cvca.hr\/hr\/quaestus-prodao-spacvu-pervanovu\/","og_site_name":"CVCA","article_publisher":"https:\/\/www.facebook.com\/cvca.hr","article_published_time":"2021-06-04T12:39:10+00:00","article_modified_time":"2022-01-19T16:25:22+00:00","og_image":[{"width":1920,"height":1080,"url":"https:\/\/cvca.hr\/wp-content\/uploads\/2022\/01\/Quaestus-sells-Spacva-to-Pervanovo.jpg","type":"image\/jpeg"}],"author":"Marta zadravec","twitter_card":"summary_large_image","twitter_creator":"@cvca_hr","twitter_site":"@cvca_hr","twitter_misc":{"Napisao\/la":"Marta zadravec","Procijenjeno vrijeme \u010ditanja":"2 minute"},"schema":{"@context":"https:\/\/schema.org","@graph":[{"@type":"Article","@id":"https:\/\/cvca.hr\/hr\/quaestus-prodao-spacvu-pervanovu\/#article","isPartOf":{"@id":"https:\/\/cvca.hr\/hr\/quaestus-prodao-spacvu-pervanovu\/"},"author":{"name":"Marta zadravec","@id":"https:\/\/cvca.hr\/#\/schema\/person\/e18d45fa927505481d363a9e92abfd7a"},"headline":"Quaestus prodao Spa\u010dvu Pervanovu","datePublished":"2021-06-04T12:39:10+00:00","dateModified":"2022-01-19T16:25:22+00:00","mainEntityOfPage":{"@id":"https:\/\/cvca.hr\/hr\/quaestus-prodao-spacvu-pervanovu\/"},"wordCount":325,"publisher":{"@id":"https:\/\/cvca.hr\/#organization"},"articleSection":["Novosti","Vijesti \u010dlanica"],"inLanguage":"hr"},{"@type":"WebPage","@id":"https:\/\/cvca.hr\/hr\/quaestus-prodao-spacvu-pervanovu\/","url":"https:\/\/cvca.hr\/hr\/quaestus-prodao-spacvu-pervanovu\/","name":"Quaestus prodao Spa\u010dvu Pervanovu","isPartOf":{"@id":"https:\/\/cvca.hr\/#website"},"datePublished":"2021-06-04T12:39:10+00:00","dateModified":"2022-01-19T16:25:22+00:00","description":"Pervanovo, hrvatski poduzetnik iz \u0160vedske Darko Pervan, stekao je ukupno 98,68 posto dionica Drvne industrije Spa\u010dva","breadcrumb":{"@id":"https:\/\/cvca.hr\/hr\/quaestus-prodao-spacvu-pervanovu\/#breadcrumb"},"inLanguage":"hr","potentialAction":[{"@type":"ReadAction","target":["https:\/\/cvca.hr\/hr\/quaestus-prodao-spacvu-pervanovu\/"]}]},{"@type":"BreadcrumbList","@id":"https:\/\/cvca.hr\/hr\/quaestus-prodao-spacvu-pervanovu\/#breadcrumb","itemListElement":[{"@type":"ListItem","position":1,"name":"Home","item":"https:\/\/cvca.hr\/"},{"@type":"ListItem","position":2,"name":"Quaestus prodao Spa\u010dvu Pervanovu"}]},{"@type":"WebSite","@id":"https:\/\/cvca.hr\/#website","url":"https:\/\/cvca.hr\/","name":"CVCA","description":"Croatian Private Equity and Venture Capital Association","publisher":{"@id":"https:\/\/cvca.hr\/#organization"},"potentialAction":[{"@type":"SearchAction","target":{"@type":"EntryPoint","urlTemplate":"https:\/\/cvca.hr\/?s={search_term_string}"},"query-input":"required name=search_term_string"}],"inLanguage":"hr"},{"@type":"Organization","@id":"https:\/\/cvca.hr\/#organization","name":"CVCA","url":"https:\/\/cvca.hr\/","logo":{"@type":"ImageObject","inLanguage":"hr","@id":"https:\/\/cvca.hr\/#\/schema\/logo\/image\/","url":"https:\/\/cvca.hr\/wp-content\/uploads\/2021\/12\/cvca-logo.png","contentUrl":"https:\/\/cvca.hr\/wp-content\/uploads\/2021\/12\/cvca-logo.png","width":500,"height":127,"caption":"CVCA"},"image":{"@id":"https:\/\/cvca.hr\/#\/schema\/logo\/image\/"},"sameAs":["https:\/\/www.facebook.com\/cvca.hr","https:\/\/twitter.com\/cvca_hr","https:\/\/www.linkedin.com\/company\/52162469\/"]},{"@type":"Person","@id":"https:\/\/cvca.hr\/#\/schema\/person\/e18d45fa927505481d363a9e92abfd7a","name":"Marta zadravec","image":{"@type":"ImageObject","inLanguage":"hr","@id":"https:\/\/cvca.hr\/#\/schema\/person\/image\/","url":"https:\/\/secure.gravatar.com\/avatar\/f9ddb7c80f0b7e85edc9f9ea214b390b7ba31fe8f558ea3196b49d87ad04d16e?s=96&d=mm&r=g","contentUrl":"https:\/\/secure.gravatar.com\/avatar\/f9ddb7c80f0b7e85edc9f9ea214b390b7ba31fe8f558ea3196b49d87ad04d16e?s=96&d=mm&r=g","caption":"Marta zadravec"},"url":"https:\/\/cvca.hr\/hr\/author\/marta\/"}]}},"_links":{"self":[{"href":"https:\/\/cvca.hr\/hr\/wp-json\/wp\/v2\/posts\/1269","targetHints":{"allow":["GET"]}}],"collection":[{"href":"https:\/\/cvca.hr\/hr\/wp-json\/wp\/v2\/posts"}],"about":[{"href":"https:\/\/cvca.hr\/hr\/wp-json\/wp\/v2\/types\/post"}],"author":[{"embeddable":true,"href":"https:\/\/cvca.hr\/hr\/wp-json\/wp\/v2\/users\/2"}],"replies":[{"embeddable":true,"href":"https:\/\/cvca.hr\/hr\/wp-json\/wp\/v2\/comments?post=1269"}],"version-history":[{"count":0,"href":"https:\/\/cvca.hr\/hr\/wp-json\/wp\/v2\/posts\/1269\/revisions"}],"wp:featuredmedia":[{"embeddable":true,"href":"https:\/\/cvca.hr\/hr\/wp-json\/wp\/v2\/media\/790"}],"wp:attachment":[{"href":"https:\/\/cvca.hr\/hr\/wp-json\/wp\/v2\/media?parent=1269"}],"wp:term":[{"taxonomy":"category","embeddable":true,"href":"https:\/\/cvca.hr\/hr\/wp-json\/wp\/v2\/categories?post=1269"},{"taxonomy":"post_tag","embeddable":true,"href":"https:\/\/cvca.hr\/hr\/wp-json\/wp\/v2\/tags?post=1269"}],"curies":[{"name":"wp","href":"https:\/\/api.w.org\/{rel}","templated":true}]}}