{"id":1288,"date":"2021-03-08T11:41:09","date_gmt":"2021-03-08T11:41:09","guid":{"rendered":"https:\/\/cvca.hr\/porsche-povecao-udio-u-rimac-automobilima-na-24\/"},"modified":"2022-01-19T16:06:22","modified_gmt":"2022-01-19T16:06:22","slug":"porsche-povecao-udio-u-rimac-automobilima-na-24","status":"publish","type":"post","link":"https:\/\/cvca.hr\/hr\/porsche-povecao-udio-u-rimac-automobilima-na-24\/","title":{"rendered":"Porsche pove\u0107ao udio u Rimac Automobilima na 24%"},"content":{"rendered":"<p>Rimac Automobili, hrvatska tvrtka koja proizvodi i razvija visokotehnolo\u0161ke dijelove za elektromobilnost, poznata po svojim elektri\u010dnim hiper automobilima i baterijama, dobila je jo\u0161 jedno ulaganje od Porsche AG-a. Iz Porsche-a su 8. o\u017eujka naveli da su u Rimac ulo\u017eili 70 milijuna eura, \u0161to zna\u010di da je Porscheov udio u Rimcu sada 24%, a bio je 15%. Ovo je tre\u0107i put da Porsche ula\u017ee u Rimac Automobile. Prvi je put ovaj njema\u010dki proizvo\u0111a\u010d automobila ulo\u017eio u Rimac 2018. godine. Nakon toga, Porsche je pove\u0107ao svoj udjel u Rimac jo\u0161 u rujnu 2019. Ranije te godine Hyundai Motor Company i Kia Motors zajedni\u010dki su ulo\u017eili 80 milijuna eura u Rimac. Mate Rimac, osniva\u010d i izvr\u0161ni direktor tvrtke Rimac Automobili ka\u017ee da mu je Porsche velika podr\u0161ka unazad tri godine.<\/p>\n<p>&#8220;Uvijek mi je bila privilegija \u0161to je jedna od najpoznatijih svjetskih marki sportskih automobila postala dio Rimac Automobila. Ponosni smo \u0161to zajedno radimo na novim uzbudljivim i elektrificiranim proizvodima i na \u010dinjenicu da je Porscheovo povjerenje u nas rezultiralo nekoliko krugova ulaganja, \u010dine\u0107i Porsche va\u017enim dioni\u010darom tvrtke&#8221;, ka\u017ee Rimac.<br \/>\nLutz Meschke, zamjenik predsjednika izvr\u0161nog odbora Porschea izjavio je: \u201eMate Rimac nadahnjuje nas svojim inovativnim idejama. Na isti na\u010din koristi i na\u0161 know-how u proizvodnji i metodolo\u0161ku stru\u010dnost u razvoju \u201c. Iz Porsche-a su naveli da su ve\u0107 napravili prvu narud\u017ebu za &#8220;visoko inovativne serijske komponente&#8221; od Rimca, iako nisu objavili \u0161to su to\u010dno kupili i u koje \u0107e automobile i\u0107i.<\/p>\n<p>Iako Porsche kontinuirano ula\u017ee, jo\u0161 uvijek nema kontrolni udio u Rimcu.<\/p>\n","protected":false},"excerpt":{"rendered":"<p>Rimac Automobili, hrvatska tvrtka koja proizvodi i razvija visokotehnolo\u0161ke dijelove za elektromobilnost, poznata po svojim elektri\u010dnim hiper automobilima i baterijama, dobila je jo\u0161 jedno ulaganje od Porsche AG-a. Iz Porsche-a su 8. o\u017eujka naveli da su u Rimac ulo\u017eili 70 milijuna eura, \u0161to zna\u010di da je Porscheov udio u Rimcu sada 24%, a bio je [&hellip;]<\/p>\n","protected":false},"author":2,"featured_media":746,"comment_status":"closed","ping_status":"closed","sticky":false,"template":"","format":"standard","meta":{"footnotes":""},"categories":[57,60],"tags":[],"class_list":["post-1288","post","type-post","status-publish","format-standard","has-post-thumbnail","hentry","category-novosti","category-vijesti-sa-trzista"],"acf":[],"yoast_head":"<!-- This site is optimized with the Yoast SEO Premium plugin v21.7 (Yoast SEO v21.8) - https:\/\/yoast.com\/wordpress\/plugins\/seo\/ -->\n<title>Porsche pove\u0107ao udio u Rimac Automobilima na 24%<\/title>\n<meta name=\"description\" content=\"Rimac Automobili, dobili su jo\u0161 jednu investiciju od Porsche AG. Porsche je 8. o\u017eujka u Rimac ulo\u017eio 70 milijuna eura.\" \/>\n<meta name=\"robots\" content=\"index, follow, max-snippet:-1, max-image-preview:large, max-video-preview:-1\" \/>\n<link rel=\"canonical\" href=\"https:\/\/cvca.hr\/hr\/porsche-povecao-udio-u-rimac-automobilima-na-24\/\" \/>\n<meta property=\"og:locale\" content=\"hr_HR\" \/>\n<meta property=\"og:type\" content=\"article\" \/>\n<meta property=\"og:title\" content=\"Porsche pove\u0107ao udio u Rimac Automobilima na 24%\" \/>\n<meta property=\"og:description\" content=\"Rimac Automobili, dobili su jo\u0161 jednu investiciju od Porsche AG. Porsche je 8. o\u017eujka u Rimac ulo\u017eio 70 milijuna eura.\" \/>\n<meta property=\"og:url\" content=\"https:\/\/cvca.hr\/hr\/porsche-povecao-udio-u-rimac-automobilima-na-24\/\" \/>\n<meta property=\"og:site_name\" content=\"CVCA\" \/>\n<meta property=\"article:publisher\" content=\"https:\/\/www.facebook.com\/cvca.hr\" \/>\n<meta property=\"article:published_time\" content=\"2021-03-08T11:41:09+00:00\" \/>\n<meta property=\"article:modified_time\" content=\"2022-01-19T16:06:22+00:00\" \/>\n<meta property=\"og:image\" content=\"https:\/\/cvca.hr\/wp-content\/uploads\/2022\/01\/Porsche-increases-stake-in-Rimac-Automobili-to-24.jpg\" \/>\n\t<meta property=\"og:image:width\" content=\"1024\" \/>\n\t<meta property=\"og:image:height\" content=\"684\" \/>\n\t<meta property=\"og:image:type\" content=\"image\/jpeg\" \/>\n<meta name=\"author\" content=\"Marta zadravec\" \/>\n<meta name=\"twitter:card\" content=\"summary_large_image\" \/>\n<meta name=\"twitter:creator\" content=\"@cvca_hr\" \/>\n<meta name=\"twitter:site\" content=\"@cvca_hr\" \/>\n<meta name=\"twitter:label1\" content=\"Napisao\/la\" \/>\n\t<meta name=\"twitter:data1\" content=\"Marta zadravec\" \/>\n\t<meta name=\"twitter:label2\" content=\"Procijenjeno vrijeme \u010ditanja\" \/>\n\t<meta name=\"twitter:data2\" content=\"1 minuta\" \/>\n<script type=\"application\/ld+json\" class=\"yoast-schema-graph\">{\"@context\":\"https:\/\/schema.org\",\"@graph\":[{\"@type\":\"Article\",\"@id\":\"https:\/\/cvca.hr\/hr\/porsche-povecao-udio-u-rimac-automobilima-na-24\/#article\",\"isPartOf\":{\"@id\":\"https:\/\/cvca.hr\/hr\/porsche-povecao-udio-u-rimac-automobilima-na-24\/\"},\"author\":{\"name\":\"Marta zadravec\",\"@id\":\"https:\/\/cvca.hr\/#\/schema\/person\/e18d45fa927505481d363a9e92abfd7a\"},\"headline\":\"Porsche pove\u0107ao udio u Rimac Automobilima na 24%\",\"datePublished\":\"2021-03-08T11:41:09+00:00\",\"dateModified\":\"2022-01-19T16:06:22+00:00\",\"mainEntityOfPage\":{\"@id\":\"https:\/\/cvca.hr\/hr\/porsche-povecao-udio-u-rimac-automobilima-na-24\/\"},\"wordCount\":276,\"publisher\":{\"@id\":\"https:\/\/cvca.hr\/#organization\"},\"articleSection\":[\"Novosti\",\"Vijesti sa tr\u017ei\u0161ta\"],\"inLanguage\":\"hr\"},{\"@type\":\"WebPage\",\"@id\":\"https:\/\/cvca.hr\/hr\/porsche-povecao-udio-u-rimac-automobilima-na-24\/\",\"url\":\"https:\/\/cvca.hr\/hr\/porsche-povecao-udio-u-rimac-automobilima-na-24\/\",\"name\":\"Porsche pove\u0107ao udio u Rimac Automobilima na 24%\",\"isPartOf\":{\"@id\":\"https:\/\/cvca.hr\/#website\"},\"datePublished\":\"2021-03-08T11:41:09+00:00\",\"dateModified\":\"2022-01-19T16:06:22+00:00\",\"description\":\"Rimac Automobili, dobili su jo\u0161 jednu investiciju od Porsche AG. Porsche je 8. o\u017eujka u Rimac ulo\u017eio 70 milijuna eura.\",\"breadcrumb\":{\"@id\":\"https:\/\/cvca.hr\/hr\/porsche-povecao-udio-u-rimac-automobilima-na-24\/#breadcrumb\"},\"inLanguage\":\"hr\",\"potentialAction\":[{\"@type\":\"ReadAction\",\"target\":[\"https:\/\/cvca.hr\/hr\/porsche-povecao-udio-u-rimac-automobilima-na-24\/\"]}]},{\"@type\":\"BreadcrumbList\",\"@id\":\"https:\/\/cvca.hr\/hr\/porsche-povecao-udio-u-rimac-automobilima-na-24\/#breadcrumb\",\"itemListElement\":[{\"@type\":\"ListItem\",\"position\":1,\"name\":\"Home\",\"item\":\"https:\/\/cvca.hr\/\"},{\"@type\":\"ListItem\",\"position\":2,\"name\":\"Porsche pove\u0107ao udio u Rimac Automobilima na 24%\"}]},{\"@type\":\"WebSite\",\"@id\":\"https:\/\/cvca.hr\/#website\",\"url\":\"https:\/\/cvca.hr\/\",\"name\":\"CVCA\",\"description\":\"Croatian Private Equity and Venture Capital Association\",\"publisher\":{\"@id\":\"https:\/\/cvca.hr\/#organization\"},\"potentialAction\":[{\"@type\":\"SearchAction\",\"target\":{\"@type\":\"EntryPoint\",\"urlTemplate\":\"https:\/\/cvca.hr\/?s={search_term_string}\"},\"query-input\":\"required name=search_term_string\"}],\"inLanguage\":\"hr\"},{\"@type\":\"Organization\",\"@id\":\"https:\/\/cvca.hr\/#organization\",\"name\":\"CVCA\",\"url\":\"https:\/\/cvca.hr\/\",\"logo\":{\"@type\":\"ImageObject\",\"inLanguage\":\"hr\",\"@id\":\"https:\/\/cvca.hr\/#\/schema\/logo\/image\/\",\"url\":\"https:\/\/cvca.hr\/wp-content\/uploads\/2021\/12\/cvca-logo.png\",\"contentUrl\":\"https:\/\/cvca.hr\/wp-content\/uploads\/2021\/12\/cvca-logo.png\",\"width\":500,\"height\":127,\"caption\":\"CVCA\"},\"image\":{\"@id\":\"https:\/\/cvca.hr\/#\/schema\/logo\/image\/\"},\"sameAs\":[\"https:\/\/www.facebook.com\/cvca.hr\",\"https:\/\/twitter.com\/cvca_hr\",\"https:\/\/www.linkedin.com\/company\/52162469\/\"]},{\"@type\":\"Person\",\"@id\":\"https:\/\/cvca.hr\/#\/schema\/person\/e18d45fa927505481d363a9e92abfd7a\",\"name\":\"Marta zadravec\",\"image\":{\"@type\":\"ImageObject\",\"inLanguage\":\"hr\",\"@id\":\"https:\/\/cvca.hr\/#\/schema\/person\/image\/\",\"url\":\"https:\/\/secure.gravatar.com\/avatar\/f9ddb7c80f0b7e85edc9f9ea214b390b7ba31fe8f558ea3196b49d87ad04d16e?s=96&d=mm&r=g\",\"contentUrl\":\"https:\/\/secure.gravatar.com\/avatar\/f9ddb7c80f0b7e85edc9f9ea214b390b7ba31fe8f558ea3196b49d87ad04d16e?s=96&d=mm&r=g\",\"caption\":\"Marta zadravec\"},\"url\":\"https:\/\/cvca.hr\/hr\/author\/marta\/\"}]}<\/script>\n<!-- \/ Yoast SEO Premium plugin. -->","yoast_head_json":{"title":"Porsche pove\u0107ao udio u Rimac Automobilima na 24%","description":"Rimac Automobili, dobili su jo\u0161 jednu investiciju od Porsche AG. Porsche je 8. o\u017eujka u Rimac ulo\u017eio 70 milijuna eura.","robots":{"index":"index","follow":"follow","max-snippet":"max-snippet:-1","max-image-preview":"max-image-preview:large","max-video-preview":"max-video-preview:-1"},"canonical":"https:\/\/cvca.hr\/hr\/porsche-povecao-udio-u-rimac-automobilima-na-24\/","og_locale":"hr_HR","og_type":"article","og_title":"Porsche pove\u0107ao udio u Rimac Automobilima na 24%","og_description":"Rimac Automobili, dobili su jo\u0161 jednu investiciju od Porsche AG. Porsche je 8. o\u017eujka u Rimac ulo\u017eio 70 milijuna eura.","og_url":"https:\/\/cvca.hr\/hr\/porsche-povecao-udio-u-rimac-automobilima-na-24\/","og_site_name":"CVCA","article_publisher":"https:\/\/www.facebook.com\/cvca.hr","article_published_time":"2021-03-08T11:41:09+00:00","article_modified_time":"2022-01-19T16:06:22+00:00","og_image":[{"width":1024,"height":684,"url":"https:\/\/cvca.hr\/wp-content\/uploads\/2022\/01\/Porsche-increases-stake-in-Rimac-Automobili-to-24.jpg","type":"image\/jpeg"}],"author":"Marta zadravec","twitter_card":"summary_large_image","twitter_creator":"@cvca_hr","twitter_site":"@cvca_hr","twitter_misc":{"Napisao\/la":"Marta zadravec","Procijenjeno vrijeme \u010ditanja":"1 minuta"},"schema":{"@context":"https:\/\/schema.org","@graph":[{"@type":"Article","@id":"https:\/\/cvca.hr\/hr\/porsche-povecao-udio-u-rimac-automobilima-na-24\/#article","isPartOf":{"@id":"https:\/\/cvca.hr\/hr\/porsche-povecao-udio-u-rimac-automobilima-na-24\/"},"author":{"name":"Marta zadravec","@id":"https:\/\/cvca.hr\/#\/schema\/person\/e18d45fa927505481d363a9e92abfd7a"},"headline":"Porsche pove\u0107ao udio u Rimac Automobilima na 24%","datePublished":"2021-03-08T11:41:09+00:00","dateModified":"2022-01-19T16:06:22+00:00","mainEntityOfPage":{"@id":"https:\/\/cvca.hr\/hr\/porsche-povecao-udio-u-rimac-automobilima-na-24\/"},"wordCount":276,"publisher":{"@id":"https:\/\/cvca.hr\/#organization"},"articleSection":["Novosti","Vijesti sa tr\u017ei\u0161ta"],"inLanguage":"hr"},{"@type":"WebPage","@id":"https:\/\/cvca.hr\/hr\/porsche-povecao-udio-u-rimac-automobilima-na-24\/","url":"https:\/\/cvca.hr\/hr\/porsche-povecao-udio-u-rimac-automobilima-na-24\/","name":"Porsche pove\u0107ao udio u Rimac Automobilima na 24%","isPartOf":{"@id":"https:\/\/cvca.hr\/#website"},"datePublished":"2021-03-08T11:41:09+00:00","dateModified":"2022-01-19T16:06:22+00:00","description":"Rimac Automobili, dobili su jo\u0161 jednu investiciju od Porsche AG. Porsche je 8. o\u017eujka u Rimac ulo\u017eio 70 milijuna eura.","breadcrumb":{"@id":"https:\/\/cvca.hr\/hr\/porsche-povecao-udio-u-rimac-automobilima-na-24\/#breadcrumb"},"inLanguage":"hr","potentialAction":[{"@type":"ReadAction","target":["https:\/\/cvca.hr\/hr\/porsche-povecao-udio-u-rimac-automobilima-na-24\/"]}]},{"@type":"BreadcrumbList","@id":"https:\/\/cvca.hr\/hr\/porsche-povecao-udio-u-rimac-automobilima-na-24\/#breadcrumb","itemListElement":[{"@type":"ListItem","position":1,"name":"Home","item":"https:\/\/cvca.hr\/"},{"@type":"ListItem","position":2,"name":"Porsche pove\u0107ao udio u Rimac Automobilima na 24%"}]},{"@type":"WebSite","@id":"https:\/\/cvca.hr\/#website","url":"https:\/\/cvca.hr\/","name":"CVCA","description":"Croatian Private Equity and Venture Capital Association","publisher":{"@id":"https:\/\/cvca.hr\/#organization"},"potentialAction":[{"@type":"SearchAction","target":{"@type":"EntryPoint","urlTemplate":"https:\/\/cvca.hr\/?s={search_term_string}"},"query-input":"required name=search_term_string"}],"inLanguage":"hr"},{"@type":"Organization","@id":"https:\/\/cvca.hr\/#organization","name":"CVCA","url":"https:\/\/cvca.hr\/","logo":{"@type":"ImageObject","inLanguage":"hr","@id":"https:\/\/cvca.hr\/#\/schema\/logo\/image\/","url":"https:\/\/cvca.hr\/wp-content\/uploads\/2021\/12\/cvca-logo.png","contentUrl":"https:\/\/cvca.hr\/wp-content\/uploads\/2021\/12\/cvca-logo.png","width":500,"height":127,"caption":"CVCA"},"image":{"@id":"https:\/\/cvca.hr\/#\/schema\/logo\/image\/"},"sameAs":["https:\/\/www.facebook.com\/cvca.hr","https:\/\/twitter.com\/cvca_hr","https:\/\/www.linkedin.com\/company\/52162469\/"]},{"@type":"Person","@id":"https:\/\/cvca.hr\/#\/schema\/person\/e18d45fa927505481d363a9e92abfd7a","name":"Marta zadravec","image":{"@type":"ImageObject","inLanguage":"hr","@id":"https:\/\/cvca.hr\/#\/schema\/person\/image\/","url":"https:\/\/secure.gravatar.com\/avatar\/f9ddb7c80f0b7e85edc9f9ea214b390b7ba31fe8f558ea3196b49d87ad04d16e?s=96&d=mm&r=g","contentUrl":"https:\/\/secure.gravatar.com\/avatar\/f9ddb7c80f0b7e85edc9f9ea214b390b7ba31fe8f558ea3196b49d87ad04d16e?s=96&d=mm&r=g","caption":"Marta zadravec"},"url":"https:\/\/cvca.hr\/hr\/author\/marta\/"}]}},"_links":{"self":[{"href":"https:\/\/cvca.hr\/hr\/wp-json\/wp\/v2\/posts\/1288","targetHints":{"allow":["GET"]}}],"collection":[{"href":"https:\/\/cvca.hr\/hr\/wp-json\/wp\/v2\/posts"}],"about":[{"href":"https:\/\/cvca.hr\/hr\/wp-json\/wp\/v2\/types\/post"}],"author":[{"embeddable":true,"href":"https:\/\/cvca.hr\/hr\/wp-json\/wp\/v2\/users\/2"}],"replies":[{"embeddable":true,"href":"https:\/\/cvca.hr\/hr\/wp-json\/wp\/v2\/comments?post=1288"}],"version-history":[{"count":0,"href":"https:\/\/cvca.hr\/hr\/wp-json\/wp\/v2\/posts\/1288\/revisions"}],"wp:featuredmedia":[{"embeddable":true,"href":"https:\/\/cvca.hr\/hr\/wp-json\/wp\/v2\/media\/746"}],"wp:attachment":[{"href":"https:\/\/cvca.hr\/hr\/wp-json\/wp\/v2\/media?parent=1288"}],"wp:term":[{"taxonomy":"category","embeddable":true,"href":"https:\/\/cvca.hr\/hr\/wp-json\/wp\/v2\/categories?post=1288"},{"taxonomy":"post_tag","embeddable":true,"href":"https:\/\/cvca.hr\/hr\/wp-json\/wp\/v2\/tags?post=1288"}],"curies":[{"name":"wp","href":"https:\/\/api.w.org\/{rel}","templated":true}]}}