{"id":1357,"date":"2019-01-11T13:55:46","date_gmt":"2019-01-11T13:55:46","guid":{"rendered":"https:\/\/cvca.hr\/odrzana-je-skupstina-sastanak-upravnog-odbora-i-izbor-novog-sastava-upravnog-odbora\/"},"modified":"2022-05-26T18:52:44","modified_gmt":"2022-05-26T18:52:44","slug":"odrzana-je-skupstina-sastanak-upravnog-odbora-i-izbor-novog-sastava-upravnog-odbora","status":"publish","type":"post","link":"https:\/\/cvca.hr\/hr\/odrzana-je-skupstina-sastanak-upravnog-odbora-i-izbor-novog-sastava-upravnog-odbora\/","title":{"rendered":"Odr\u017eana je Skup\u0161tina, sastanak Upravnog odbora i izbor novog sastava Upravnog odbora"},"content":{"rendered":"<p>Skup\u0161tina CVCA odr\u017eana je na inicijativu predsjednice Mirne Marovi\u0107, kako bi se ponovno pokrenule aktivnosti udruge. &nbsp;Svim starim i potencijalno novim \u010dlanovima upu\u0107en je poziv o sazivanju izvanredne sjednice Skup\u0161tine CVCA sa zamolbom da popune prijavnicu u \u010dlanstvo te time obnove svoje \u010dlanstvo ili postanu novi \u010dlanovi CVCA.<\/p>\n<p>Mirna Marovi\u0107 je predlo\u017eila budu\u0107u organizaciju i plan aktivnosti udruge za 2020. godinu. Prijedlog budu\u0107e organizacije udruge uklju\u010duje nove kategorije \u010dlanstva s ciljem da udruga bude prvenstveno strukovno tijelo predstavnika dru\u0161tva za upravljanje private equity i venture capital fondovima. Kategorije \u010dlanstva su: redovni \u010dlanovi, pridru\u017eeni \u010dlanovi, individualni \u010dlanovi i po\u010dasni \u010dlanovi. \u200b<\/p>\n<p>Planirane aktivnosti za 2020. godinu su sljede\u0107e:<br \/>\u200b1. Organizacija CVCA konferencija, seminara i ostalih doga\u0111anja;<br \/>2. Sudjelovanje na doga\u0111anjima partnera, uz mogu\u0107ost promocije hrvatske private equity i venture capital industrije kroz kotizacije sa popustom i distribucije promotivnih bro\u0161ura;<br \/>3. Izdavanje promotivne bro\u0161ure o hrvatskoj private equity i venture capital industriji sa profilima \u010dlanova \u2013 dru\u0161tva za upravljanje private equity i venture capital fondovima;<br \/>4. Nove internetske stranice i dru\u0161tvenih mre\u017ea koje su ve\u0107 napravljene<br \/>5. Redovnog mjese\u010dnog e-newslettera za \u010dlanove i ostalu zainteresiranu stru\u010dnu javnos\u200b<\/p>\n<p>Na Skup\u0161tini je utvr\u0111en sastav Upravnog odbora.<\/p>\n","protected":false},"excerpt":{"rendered":"<p>Skup\u0161tina CVCA odr\u017eana je na inicijativu predsjednice Mirne Marovi\u0107, kako bi se ponovno pokrenule aktivnosti udruge. &nbsp;Svim starim i potencijalno novim \u010dlanovima upu\u0107en je poziv o sazivanju izvanredne sjednice Skup\u0161tine CVCA sa zamolbom da popune prijavnicu u \u010dlanstvo te time obnove svoje \u010dlanstvo ili postanu novi \u010dlanovi CVCA. Mirna Marovi\u0107 je predlo\u017eila budu\u0107u organizaciju i [&hellip;]<\/p>\n","protected":false},"author":2,"featured_media":1155,"comment_status":"closed","ping_status":"closed","sticky":false,"template":"","format":"standard","meta":{"footnotes":""},"categories":[69],"tags":[],"class_list":["post-1357","post","type-post","status-publish","format-standard","has-post-thumbnail","hentry","category-obavijesti"],"acf":[],"yoast_head":"<!-- This site is optimized with the Yoast SEO Premium plugin v21.7 (Yoast SEO v21.8) - https:\/\/yoast.com\/wordpress\/plugins\/seo\/ -->\n<title>Odr\u017eana je Skup\u0161tina, sastanak Upravnog odbora i izbor novog sastava Upravnog odbora<\/title>\n<meta name=\"description\" content=\"Skup\u0161tina je odr\u017eana na inicijativu predsjednice Mirne Marovi\u0107, kako bi se ponovno pokrenulo djelovanje udruge.\" \/>\n<meta name=\"robots\" content=\"index, follow, max-snippet:-1, max-image-preview:large, max-video-preview:-1\" \/>\n<link rel=\"canonical\" href=\"https:\/\/cvca.hr\/hr\/odrzana-je-skupstina-sastanak-upravnog-odbora-i-izbor-novog-sastava-upravnog-odbora\/\" \/>\n<meta property=\"og:locale\" content=\"hr_HR\" \/>\n<meta property=\"og:type\" content=\"article\" \/>\n<meta property=\"og:title\" content=\"Odr\u017eana je Skup\u0161tina, sastanak Upravnog odbora i izbor novog sastava Upravnog odbora\" \/>\n<meta property=\"og:description\" content=\"Skup\u0161tina je odr\u017eana na inicijativu predsjednice Mirne Marovi\u0107, kako bi se ponovno pokrenulo djelovanje udruge.\" \/>\n<meta property=\"og:url\" content=\"https:\/\/cvca.hr\/hr\/odrzana-je-skupstina-sastanak-upravnog-odbora-i-izbor-novog-sastava-upravnog-odbora\/\" \/>\n<meta property=\"og:site_name\" content=\"CVCA\" \/>\n<meta property=\"article:publisher\" content=\"https:\/\/www.facebook.com\/cvca.hr\" \/>\n<meta property=\"article:published_time\" content=\"2019-01-11T13:55:46+00:00\" \/>\n<meta property=\"article:modified_time\" content=\"2022-05-26T18:52:44+00:00\" \/>\n<meta property=\"og:image\" content=\"https:\/\/cvca.hr\/wp-content\/uploads\/2022\/01\/The-Assembly-a-meeting-of-the-Board-of-Directors.jpeg\" \/>\n\t<meta property=\"og:image:width\" content=\"1080\" \/>\n\t<meta property=\"og:image:height\" content=\"720\" \/>\n\t<meta property=\"og:image:type\" content=\"image\/jpeg\" \/>\n<meta name=\"author\" content=\"Marta zadravec\" \/>\n<meta name=\"twitter:card\" content=\"summary_large_image\" \/>\n<meta name=\"twitter:creator\" content=\"@cvca_hr\" \/>\n<meta name=\"twitter:site\" content=\"@cvca_hr\" \/>\n<meta name=\"twitter:label1\" content=\"Napisao\/la\" \/>\n\t<meta name=\"twitter:data1\" content=\"Marta zadravec\" \/>\n\t<meta name=\"twitter:label2\" content=\"Procijenjeno vrijeme \u010ditanja\" \/>\n\t<meta name=\"twitter:data2\" content=\"1 minuta\" \/>\n<script type=\"application\/ld+json\" class=\"yoast-schema-graph\">{\"@context\":\"https:\/\/schema.org\",\"@graph\":[{\"@type\":\"Article\",\"@id\":\"https:\/\/cvca.hr\/hr\/odrzana-je-skupstina-sastanak-upravnog-odbora-i-izbor-novog-sastava-upravnog-odbora\/#article\",\"isPartOf\":{\"@id\":\"https:\/\/cvca.hr\/hr\/odrzana-je-skupstina-sastanak-upravnog-odbora-i-izbor-novog-sastava-upravnog-odbora\/\"},\"author\":{\"name\":\"Marta zadravec\",\"@id\":\"https:\/\/cvca.hr\/#\/schema\/person\/e18d45fa927505481d363a9e92abfd7a\"},\"headline\":\"Odr\u017eana je Skup\u0161tina, sastanak Upravnog odbora i izbor novog sastava Upravnog odbora\",\"datePublished\":\"2019-01-11T13:55:46+00:00\",\"dateModified\":\"2022-05-26T18:52:44+00:00\",\"mainEntityOfPage\":{\"@id\":\"https:\/\/cvca.hr\/hr\/odrzana-je-skupstina-sastanak-upravnog-odbora-i-izbor-novog-sastava-upravnog-odbora\/\"},\"wordCount\":222,\"publisher\":{\"@id\":\"https:\/\/cvca.hr\/#organization\"},\"articleSection\":[\"Obavijesti\"],\"inLanguage\":\"hr\"},{\"@type\":\"WebPage\",\"@id\":\"https:\/\/cvca.hr\/hr\/odrzana-je-skupstina-sastanak-upravnog-odbora-i-izbor-novog-sastava-upravnog-odbora\/\",\"url\":\"https:\/\/cvca.hr\/hr\/odrzana-je-skupstina-sastanak-upravnog-odbora-i-izbor-novog-sastava-upravnog-odbora\/\",\"name\":\"Odr\u017eana je Skup\u0161tina, sastanak Upravnog odbora i izbor novog sastava Upravnog odbora\",\"isPartOf\":{\"@id\":\"https:\/\/cvca.hr\/#website\"},\"datePublished\":\"2019-01-11T13:55:46+00:00\",\"dateModified\":\"2022-05-26T18:52:44+00:00\",\"description\":\"Skup\u0161tina je odr\u017eana na inicijativu predsjednice Mirne Marovi\u0107, kako bi se ponovno pokrenulo djelovanje udruge.\",\"breadcrumb\":{\"@id\":\"https:\/\/cvca.hr\/hr\/odrzana-je-skupstina-sastanak-upravnog-odbora-i-izbor-novog-sastava-upravnog-odbora\/#breadcrumb\"},\"inLanguage\":\"hr\",\"potentialAction\":[{\"@type\":\"ReadAction\",\"target\":[\"https:\/\/cvca.hr\/hr\/odrzana-je-skupstina-sastanak-upravnog-odbora-i-izbor-novog-sastava-upravnog-odbora\/\"]}]},{\"@type\":\"BreadcrumbList\",\"@id\":\"https:\/\/cvca.hr\/hr\/odrzana-je-skupstina-sastanak-upravnog-odbora-i-izbor-novog-sastava-upravnog-odbora\/#breadcrumb\",\"itemListElement\":[{\"@type\":\"ListItem\",\"position\":1,\"name\":\"Home\",\"item\":\"https:\/\/cvca.hr\/\"},{\"@type\":\"ListItem\",\"position\":2,\"name\":\"Odr\u017eana je Skup\u0161tina, sastanak Upravnog odbora i izbor novog sastava Upravnog odbora\"}]},{\"@type\":\"WebSite\",\"@id\":\"https:\/\/cvca.hr\/#website\",\"url\":\"https:\/\/cvca.hr\/\",\"name\":\"CVCA\",\"description\":\"Croatian Private Equity and Venture Capital Association\",\"publisher\":{\"@id\":\"https:\/\/cvca.hr\/#organization\"},\"potentialAction\":[{\"@type\":\"SearchAction\",\"target\":{\"@type\":\"EntryPoint\",\"urlTemplate\":\"https:\/\/cvca.hr\/?s={search_term_string}\"},\"query-input\":\"required name=search_term_string\"}],\"inLanguage\":\"hr\"},{\"@type\":\"Organization\",\"@id\":\"https:\/\/cvca.hr\/#organization\",\"name\":\"CVCA\",\"url\":\"https:\/\/cvca.hr\/\",\"logo\":{\"@type\":\"ImageObject\",\"inLanguage\":\"hr\",\"@id\":\"https:\/\/cvca.hr\/#\/schema\/logo\/image\/\",\"url\":\"https:\/\/cvca.hr\/wp-content\/uploads\/2021\/12\/cvca-logo.png\",\"contentUrl\":\"https:\/\/cvca.hr\/wp-content\/uploads\/2021\/12\/cvca-logo.png\",\"width\":500,\"height\":127,\"caption\":\"CVCA\"},\"image\":{\"@id\":\"https:\/\/cvca.hr\/#\/schema\/logo\/image\/\"},\"sameAs\":[\"https:\/\/www.facebook.com\/cvca.hr\",\"https:\/\/twitter.com\/cvca_hr\",\"https:\/\/www.linkedin.com\/company\/52162469\/\"]},{\"@type\":\"Person\",\"@id\":\"https:\/\/cvca.hr\/#\/schema\/person\/e18d45fa927505481d363a9e92abfd7a\",\"name\":\"Marta zadravec\",\"image\":{\"@type\":\"ImageObject\",\"inLanguage\":\"hr\",\"@id\":\"https:\/\/cvca.hr\/#\/schema\/person\/image\/\",\"url\":\"https:\/\/secure.gravatar.com\/avatar\/f9ddb7c80f0b7e85edc9f9ea214b390b7ba31fe8f558ea3196b49d87ad04d16e?s=96&d=mm&r=g\",\"contentUrl\":\"https:\/\/secure.gravatar.com\/avatar\/f9ddb7c80f0b7e85edc9f9ea214b390b7ba31fe8f558ea3196b49d87ad04d16e?s=96&d=mm&r=g\",\"caption\":\"Marta zadravec\"},\"url\":\"https:\/\/cvca.hr\/hr\/author\/marta\/\"}]}<\/script>\n<!-- \/ Yoast SEO Premium plugin. -->","yoast_head_json":{"title":"Odr\u017eana je Skup\u0161tina, sastanak Upravnog odbora i izbor novog sastava Upravnog odbora","description":"Skup\u0161tina je odr\u017eana na inicijativu predsjednice Mirne Marovi\u0107, kako bi se ponovno pokrenulo djelovanje udruge.","robots":{"index":"index","follow":"follow","max-snippet":"max-snippet:-1","max-image-preview":"max-image-preview:large","max-video-preview":"max-video-preview:-1"},"canonical":"https:\/\/cvca.hr\/hr\/odrzana-je-skupstina-sastanak-upravnog-odbora-i-izbor-novog-sastava-upravnog-odbora\/","og_locale":"hr_HR","og_type":"article","og_title":"Odr\u017eana je Skup\u0161tina, sastanak Upravnog odbora i izbor novog sastava Upravnog odbora","og_description":"Skup\u0161tina je odr\u017eana na inicijativu predsjednice Mirne Marovi\u0107, kako bi se ponovno pokrenulo djelovanje udruge.","og_url":"https:\/\/cvca.hr\/hr\/odrzana-je-skupstina-sastanak-upravnog-odbora-i-izbor-novog-sastava-upravnog-odbora\/","og_site_name":"CVCA","article_publisher":"https:\/\/www.facebook.com\/cvca.hr","article_published_time":"2019-01-11T13:55:46+00:00","article_modified_time":"2022-05-26T18:52:44+00:00","og_image":[{"width":1080,"height":720,"url":"https:\/\/cvca.hr\/wp-content\/uploads\/2022\/01\/The-Assembly-a-meeting-of-the-Board-of-Directors.jpeg","type":"image\/jpeg"}],"author":"Marta zadravec","twitter_card":"summary_large_image","twitter_creator":"@cvca_hr","twitter_site":"@cvca_hr","twitter_misc":{"Napisao\/la":"Marta zadravec","Procijenjeno vrijeme \u010ditanja":"1 minuta"},"schema":{"@context":"https:\/\/schema.org","@graph":[{"@type":"Article","@id":"https:\/\/cvca.hr\/hr\/odrzana-je-skupstina-sastanak-upravnog-odbora-i-izbor-novog-sastava-upravnog-odbora\/#article","isPartOf":{"@id":"https:\/\/cvca.hr\/hr\/odrzana-je-skupstina-sastanak-upravnog-odbora-i-izbor-novog-sastava-upravnog-odbora\/"},"author":{"name":"Marta zadravec","@id":"https:\/\/cvca.hr\/#\/schema\/person\/e18d45fa927505481d363a9e92abfd7a"},"headline":"Odr\u017eana je Skup\u0161tina, sastanak Upravnog odbora i izbor novog sastava Upravnog odbora","datePublished":"2019-01-11T13:55:46+00:00","dateModified":"2022-05-26T18:52:44+00:00","mainEntityOfPage":{"@id":"https:\/\/cvca.hr\/hr\/odrzana-je-skupstina-sastanak-upravnog-odbora-i-izbor-novog-sastava-upravnog-odbora\/"},"wordCount":222,"publisher":{"@id":"https:\/\/cvca.hr\/#organization"},"articleSection":["Obavijesti"],"inLanguage":"hr"},{"@type":"WebPage","@id":"https:\/\/cvca.hr\/hr\/odrzana-je-skupstina-sastanak-upravnog-odbora-i-izbor-novog-sastava-upravnog-odbora\/","url":"https:\/\/cvca.hr\/hr\/odrzana-je-skupstina-sastanak-upravnog-odbora-i-izbor-novog-sastava-upravnog-odbora\/","name":"Odr\u017eana je Skup\u0161tina, sastanak Upravnog odbora i izbor novog sastava Upravnog odbora","isPartOf":{"@id":"https:\/\/cvca.hr\/#website"},"datePublished":"2019-01-11T13:55:46+00:00","dateModified":"2022-05-26T18:52:44+00:00","description":"Skup\u0161tina je odr\u017eana na inicijativu predsjednice Mirne Marovi\u0107, kako bi se ponovno pokrenulo djelovanje udruge.","breadcrumb":{"@id":"https:\/\/cvca.hr\/hr\/odrzana-je-skupstina-sastanak-upravnog-odbora-i-izbor-novog-sastava-upravnog-odbora\/#breadcrumb"},"inLanguage":"hr","potentialAction":[{"@type":"ReadAction","target":["https:\/\/cvca.hr\/hr\/odrzana-je-skupstina-sastanak-upravnog-odbora-i-izbor-novog-sastava-upravnog-odbora\/"]}]},{"@type":"BreadcrumbList","@id":"https:\/\/cvca.hr\/hr\/odrzana-je-skupstina-sastanak-upravnog-odbora-i-izbor-novog-sastava-upravnog-odbora\/#breadcrumb","itemListElement":[{"@type":"ListItem","position":1,"name":"Home","item":"https:\/\/cvca.hr\/"},{"@type":"ListItem","position":2,"name":"Odr\u017eana je Skup\u0161tina, sastanak Upravnog odbora i izbor novog sastava Upravnog odbora"}]},{"@type":"WebSite","@id":"https:\/\/cvca.hr\/#website","url":"https:\/\/cvca.hr\/","name":"CVCA","description":"Croatian Private Equity and Venture Capital Association","publisher":{"@id":"https:\/\/cvca.hr\/#organization"},"potentialAction":[{"@type":"SearchAction","target":{"@type":"EntryPoint","urlTemplate":"https:\/\/cvca.hr\/?s={search_term_string}"},"query-input":"required name=search_term_string"}],"inLanguage":"hr"},{"@type":"Organization","@id":"https:\/\/cvca.hr\/#organization","name":"CVCA","url":"https:\/\/cvca.hr\/","logo":{"@type":"ImageObject","inLanguage":"hr","@id":"https:\/\/cvca.hr\/#\/schema\/logo\/image\/","url":"https:\/\/cvca.hr\/wp-content\/uploads\/2021\/12\/cvca-logo.png","contentUrl":"https:\/\/cvca.hr\/wp-content\/uploads\/2021\/12\/cvca-logo.png","width":500,"height":127,"caption":"CVCA"},"image":{"@id":"https:\/\/cvca.hr\/#\/schema\/logo\/image\/"},"sameAs":["https:\/\/www.facebook.com\/cvca.hr","https:\/\/twitter.com\/cvca_hr","https:\/\/www.linkedin.com\/company\/52162469\/"]},{"@type":"Person","@id":"https:\/\/cvca.hr\/#\/schema\/person\/e18d45fa927505481d363a9e92abfd7a","name":"Marta zadravec","image":{"@type":"ImageObject","inLanguage":"hr","@id":"https:\/\/cvca.hr\/#\/schema\/person\/image\/","url":"https:\/\/secure.gravatar.com\/avatar\/f9ddb7c80f0b7e85edc9f9ea214b390b7ba31fe8f558ea3196b49d87ad04d16e?s=96&d=mm&r=g","contentUrl":"https:\/\/secure.gravatar.com\/avatar\/f9ddb7c80f0b7e85edc9f9ea214b390b7ba31fe8f558ea3196b49d87ad04d16e?s=96&d=mm&r=g","caption":"Marta zadravec"},"url":"https:\/\/cvca.hr\/hr\/author\/marta\/"}]}},"_links":{"self":[{"href":"https:\/\/cvca.hr\/hr\/wp-json\/wp\/v2\/posts\/1357","targetHints":{"allow":["GET"]}}],"collection":[{"href":"https:\/\/cvca.hr\/hr\/wp-json\/wp\/v2\/posts"}],"about":[{"href":"https:\/\/cvca.hr\/hr\/wp-json\/wp\/v2\/types\/post"}],"author":[{"embeddable":true,"href":"https:\/\/cvca.hr\/hr\/wp-json\/wp\/v2\/users\/2"}],"replies":[{"embeddable":true,"href":"https:\/\/cvca.hr\/hr\/wp-json\/wp\/v2\/comments?post=1357"}],"version-history":[{"count":0,"href":"https:\/\/cvca.hr\/hr\/wp-json\/wp\/v2\/posts\/1357\/revisions"}],"wp:featuredmedia":[{"embeddable":true,"href":"https:\/\/cvca.hr\/hr\/wp-json\/wp\/v2\/media\/1155"}],"wp:attachment":[{"href":"https:\/\/cvca.hr\/hr\/wp-json\/wp\/v2\/media?parent=1357"}],"wp:term":[{"taxonomy":"category","embeddable":true,"href":"https:\/\/cvca.hr\/hr\/wp-json\/wp\/v2\/categories?post=1357"},{"taxonomy":"post_tag","embeddable":true,"href":"https:\/\/cvca.hr\/hr\/wp-json\/wp\/v2\/tags?post=1357"}],"curies":[{"name":"wp","href":"https:\/\/api.w.org\/{rel}","templated":true}]}}