{"id":2121,"date":"2022-03-03T11:22:19","date_gmt":"2022-03-03T11:22:19","guid":{"rendered":"https:\/\/cvca.hr\/?p=2121"},"modified":"2022-12-08T11:29:53","modified_gmt":"2022-12-08T11:29:53","slug":"aktivno-podrzavamo-ukrajinu","status":"publish","type":"post","link":"https:\/\/cvca.hr\/hr\/aktivno-podrzavamo-ukrajinu\/","title":{"rendered":"Aktivno podr\u017eavamo Ukrajinu"},"content":{"rendered":"<p>Hrvatska Private Equity i Venture Capital Asocijacija (CVCA) pridru\u017euje se inicijativi Invest Europe-a kojom se o\u0161tro osu\u0111uje ruska invazija Ukrajine; inicijativu podr\u017eavaju nacionalne private equity i venture capital udruge. CVCA u potpunosti osu\u0111uje Rusku invaziju i podr\u017eava narod Ukrajine! Suosje\u0107amo sa svim obiteljima u Ukrajini koje su pretrpjele velike gubitke te koje se svakim danom bore za svoju slobodu. S velikom \u017eeljom da pomognemo Ukrajinskom narodu, CVCA se pridru\u017euje Invest Europe inicijativi te zajedno podr\u017eavamo humanitarni rad Me\u0111unarodnog Crvenog Kri\u017ea. Saznajte vi\u0161e o inicijativi Me\u0111unarodnog Crvenog Kri\u017ea na stranici <a href=\"https:\/\/www.icrc.org\/en\/where-we-work\/europe-central-asia\/ukraine\" target=\"_blank\" rel=\"noopener\">ICRC<\/a>-a. Kao \u010dlanovi Europske private equity i venture capital industrije, svjesni smo da mo\u017eemo doprinijeti rje\u0161enju Rusko-Ukrajinske krize, a ne samo biti promatra\u010di. Sigurnost i pouzdanost su stupovi private equity i venture capital industrije. Iz uske \u2013 i jedva relevantne \u2013 industrijske perspektive, tu\u017eni smo \u0161to vidimo kako se rastu\u0107e gospodarstvo, tr\u017ei\u0161te private equity i venture capital-a u Ukrajini slama pod teretom rata. Stojimo uz narod Ukrajine i pravo na slobodu!<\/p>\n","protected":false},"excerpt":{"rendered":"<p>Hrvatska Private Equity i Venture Capital Asocijacija (CVCA) pridru\u017euje se inicijativi Invest Europe-a kojom se o\u0161tro osu\u0111uje ruska invazija Ukrajine; inicijativu podr\u017eavaju nacionalne private equity i venture capital udruge. CVCA u potpunosti osu\u0111uje Rusku invaziju i podr\u017eava narod Ukrajine! Suosje\u0107amo sa svim obiteljima u Ukrajini koje su pretrpjele velike gubitke te koje se svakim danom [&hellip;]<\/p>\n","protected":false},"author":2,"featured_media":2125,"comment_status":"closed","ping_status":"closed","sticky":false,"template":"","format":"standard","meta":{"footnotes":""},"categories":[57,60],"tags":[],"class_list":["post-2121","post","type-post","status-publish","format-standard","has-post-thumbnail","hentry","category-novosti","category-vijesti-sa-trzista"],"acf":[],"yoast_head":"<!-- This site is optimized with the Yoast SEO Premium plugin v21.7 (Yoast SEO v21.8) - https:\/\/yoast.com\/wordpress\/plugins\/seo\/ -->\n<title>Aktivno podr\u017eavamo Ukrajinu - CVCA<\/title>\n<meta name=\"description\" content=\"CVCA pridru\u017euje se inicijativi Invest Europe-a kojom se o\u0161tro osu\u0111uje ruska invazija Ukrajine.\" \/>\n<meta name=\"robots\" content=\"index, follow, max-snippet:-1, max-image-preview:large, max-video-preview:-1\" \/>\n<link rel=\"canonical\" href=\"https:\/\/cvca.hr\/actively-supporting-ukraine\/\" \/>\n<meta property=\"og:locale\" content=\"hr_HR\" \/>\n<meta property=\"og:type\" content=\"article\" \/>\n<meta property=\"og:title\" content=\"Aktivno podr\u017eavamo Ukrajinu\" \/>\n<meta property=\"og:description\" content=\"CVCA pridru\u017euje se inicijativi Invest Europe-a kojom se o\u0161tro osu\u0111uje ruska invazija Ukrajine.\" \/>\n<meta property=\"og:url\" content=\"https:\/\/cvca.hr\/actively-supporting-ukraine\/\" \/>\n<meta property=\"og:site_name\" content=\"CVCA\" \/>\n<meta property=\"article:publisher\" content=\"https:\/\/www.facebook.com\/cvca.hr\" \/>\n<meta property=\"article:published_time\" content=\"2022-03-03T11:22:19+00:00\" \/>\n<meta property=\"article:modified_time\" content=\"2022-12-08T11:29:53+00:00\" \/>\n<meta property=\"og:image\" content=\"https:\/\/cvca.hr\/wp-content\/uploads\/2022\/03\/ukraine.jpeg\" \/>\n\t<meta property=\"og:image:width\" content=\"1200\" \/>\n\t<meta property=\"og:image:height\" content=\"630\" \/>\n\t<meta property=\"og:image:type\" content=\"image\/jpeg\" \/>\n<meta name=\"author\" content=\"Marta zadravec\" \/>\n<meta name=\"twitter:card\" content=\"summary_large_image\" \/>\n<meta name=\"twitter:creator\" content=\"@cvca_hr\" \/>\n<meta name=\"twitter:site\" content=\"@cvca_hr\" \/>\n<meta name=\"twitter:label1\" content=\"Napisao\/la\" \/>\n\t<meta name=\"twitter:data1\" content=\"Marta zadravec\" \/>\n\t<meta name=\"twitter:label2\" content=\"Procijenjeno vrijeme \u010ditanja\" \/>\n\t<meta name=\"twitter:data2\" content=\"1 minuta\" \/>\n<script type=\"application\/ld+json\" class=\"yoast-schema-graph\">{\"@context\":\"https:\/\/schema.org\",\"@graph\":[{\"@type\":\"Article\",\"@id\":\"https:\/\/cvca.hr\/actively-supporting-ukraine\/#article\",\"isPartOf\":{\"@id\":\"https:\/\/cvca.hr\/actively-supporting-ukraine\/\"},\"author\":{\"name\":\"Marta zadravec\",\"@id\":\"https:\/\/cvca.hr\/#\/schema\/person\/e18d45fa927505481d363a9e92abfd7a\"},\"headline\":\"Aktivno podr\u017eavamo Ukrajinu\",\"datePublished\":\"2022-03-03T11:22:19+00:00\",\"dateModified\":\"2022-12-08T11:29:53+00:00\",\"mainEntityOfPage\":{\"@id\":\"https:\/\/cvca.hr\/actively-supporting-ukraine\/\"},\"wordCount\":183,\"publisher\":{\"@id\":\"https:\/\/cvca.hr\/#organization\"},\"articleSection\":[\"Novosti\",\"Vijesti sa tr\u017ei\u0161ta\"],\"inLanguage\":\"hr\"},{\"@type\":\"WebPage\",\"@id\":\"https:\/\/cvca.hr\/actively-supporting-ukraine\/\",\"url\":\"https:\/\/cvca.hr\/actively-supporting-ukraine\/\",\"name\":\"Aktivno podr\u017eavamo Ukrajinu - CVCA\",\"isPartOf\":{\"@id\":\"https:\/\/cvca.hr\/#website\"},\"datePublished\":\"2022-03-03T11:22:19+00:00\",\"dateModified\":\"2022-12-08T11:29:53+00:00\",\"description\":\"CVCA pridru\u017euje se inicijativi Invest Europe-a kojom se o\u0161tro osu\u0111uje ruska invazija Ukrajine.\",\"breadcrumb\":{\"@id\":\"https:\/\/cvca.hr\/actively-supporting-ukraine\/#breadcrumb\"},\"inLanguage\":\"hr\",\"potentialAction\":[{\"@type\":\"ReadAction\",\"target\":[\"https:\/\/cvca.hr\/actively-supporting-ukraine\/\"]}]},{\"@type\":\"BreadcrumbList\",\"@id\":\"https:\/\/cvca.hr\/actively-supporting-ukraine\/#breadcrumb\",\"itemListElement\":[{\"@type\":\"ListItem\",\"position\":1,\"name\":\"Home\",\"item\":\"https:\/\/cvca.hr\/\"},{\"@type\":\"ListItem\",\"position\":2,\"name\":\"Aktivno podr\u017eavamo Ukrajinu\"}]},{\"@type\":\"WebSite\",\"@id\":\"https:\/\/cvca.hr\/#website\",\"url\":\"https:\/\/cvca.hr\/\",\"name\":\"CVCA\",\"description\":\"Croatian Private Equity and Venture Capital Association\",\"publisher\":{\"@id\":\"https:\/\/cvca.hr\/#organization\"},\"potentialAction\":[{\"@type\":\"SearchAction\",\"target\":{\"@type\":\"EntryPoint\",\"urlTemplate\":\"https:\/\/cvca.hr\/?s={search_term_string}\"},\"query-input\":\"required name=search_term_string\"}],\"inLanguage\":\"hr\"},{\"@type\":\"Organization\",\"@id\":\"https:\/\/cvca.hr\/#organization\",\"name\":\"CVCA\",\"url\":\"https:\/\/cvca.hr\/\",\"logo\":{\"@type\":\"ImageObject\",\"inLanguage\":\"hr\",\"@id\":\"https:\/\/cvca.hr\/#\/schema\/logo\/image\/\",\"url\":\"https:\/\/cvca.hr\/wp-content\/uploads\/2021\/12\/cvca-logo.png\",\"contentUrl\":\"https:\/\/cvca.hr\/wp-content\/uploads\/2021\/12\/cvca-logo.png\",\"width\":500,\"height\":127,\"caption\":\"CVCA\"},\"image\":{\"@id\":\"https:\/\/cvca.hr\/#\/schema\/logo\/image\/\"},\"sameAs\":[\"https:\/\/www.facebook.com\/cvca.hr\",\"https:\/\/twitter.com\/cvca_hr\",\"https:\/\/www.linkedin.com\/company\/52162469\/\"]},{\"@type\":\"Person\",\"@id\":\"https:\/\/cvca.hr\/#\/schema\/person\/e18d45fa927505481d363a9e92abfd7a\",\"name\":\"Marta zadravec\",\"image\":{\"@type\":\"ImageObject\",\"inLanguage\":\"hr\",\"@id\":\"https:\/\/cvca.hr\/#\/schema\/person\/image\/\",\"url\":\"https:\/\/secure.gravatar.com\/avatar\/f9ddb7c80f0b7e85edc9f9ea214b390b7ba31fe8f558ea3196b49d87ad04d16e?s=96&d=mm&r=g\",\"contentUrl\":\"https:\/\/secure.gravatar.com\/avatar\/f9ddb7c80f0b7e85edc9f9ea214b390b7ba31fe8f558ea3196b49d87ad04d16e?s=96&d=mm&r=g\",\"caption\":\"Marta zadravec\"},\"url\":\"https:\/\/cvca.hr\/hr\/author\/marta\/\"}]}<\/script>\n<!-- \/ Yoast SEO Premium plugin. -->","yoast_head_json":{"title":"Aktivno podr\u017eavamo Ukrajinu - CVCA","description":"CVCA pridru\u017euje se inicijativi Invest Europe-a kojom se o\u0161tro osu\u0111uje ruska invazija Ukrajine.","robots":{"index":"index","follow":"follow","max-snippet":"max-snippet:-1","max-image-preview":"max-image-preview:large","max-video-preview":"max-video-preview:-1"},"canonical":"https:\/\/cvca.hr\/actively-supporting-ukraine\/","og_locale":"hr_HR","og_type":"article","og_title":"Aktivno podr\u017eavamo Ukrajinu","og_description":"CVCA pridru\u017euje se inicijativi Invest Europe-a kojom se o\u0161tro osu\u0111uje ruska invazija Ukrajine.","og_url":"https:\/\/cvca.hr\/actively-supporting-ukraine\/","og_site_name":"CVCA","article_publisher":"https:\/\/www.facebook.com\/cvca.hr","article_published_time":"2022-03-03T11:22:19+00:00","article_modified_time":"2022-12-08T11:29:53+00:00","og_image":[{"width":1200,"height":630,"url":"https:\/\/cvca.hr\/wp-content\/uploads\/2022\/03\/ukraine.jpeg","type":"image\/jpeg"}],"author":"Marta zadravec","twitter_card":"summary_large_image","twitter_creator":"@cvca_hr","twitter_site":"@cvca_hr","twitter_misc":{"Napisao\/la":"Marta zadravec","Procijenjeno vrijeme \u010ditanja":"1 minuta"},"schema":{"@context":"https:\/\/schema.org","@graph":[{"@type":"Article","@id":"https:\/\/cvca.hr\/actively-supporting-ukraine\/#article","isPartOf":{"@id":"https:\/\/cvca.hr\/actively-supporting-ukraine\/"},"author":{"name":"Marta zadravec","@id":"https:\/\/cvca.hr\/#\/schema\/person\/e18d45fa927505481d363a9e92abfd7a"},"headline":"Aktivno podr\u017eavamo Ukrajinu","datePublished":"2022-03-03T11:22:19+00:00","dateModified":"2022-12-08T11:29:53+00:00","mainEntityOfPage":{"@id":"https:\/\/cvca.hr\/actively-supporting-ukraine\/"},"wordCount":183,"publisher":{"@id":"https:\/\/cvca.hr\/#organization"},"articleSection":["Novosti","Vijesti sa tr\u017ei\u0161ta"],"inLanguage":"hr"},{"@type":"WebPage","@id":"https:\/\/cvca.hr\/actively-supporting-ukraine\/","url":"https:\/\/cvca.hr\/actively-supporting-ukraine\/","name":"Aktivno podr\u017eavamo Ukrajinu - CVCA","isPartOf":{"@id":"https:\/\/cvca.hr\/#website"},"datePublished":"2022-03-03T11:22:19+00:00","dateModified":"2022-12-08T11:29:53+00:00","description":"CVCA pridru\u017euje se inicijativi Invest Europe-a kojom se o\u0161tro osu\u0111uje ruska invazija Ukrajine.","breadcrumb":{"@id":"https:\/\/cvca.hr\/actively-supporting-ukraine\/#breadcrumb"},"inLanguage":"hr","potentialAction":[{"@type":"ReadAction","target":["https:\/\/cvca.hr\/actively-supporting-ukraine\/"]}]},{"@type":"BreadcrumbList","@id":"https:\/\/cvca.hr\/actively-supporting-ukraine\/#breadcrumb","itemListElement":[{"@type":"ListItem","position":1,"name":"Home","item":"https:\/\/cvca.hr\/"},{"@type":"ListItem","position":2,"name":"Aktivno podr\u017eavamo Ukrajinu"}]},{"@type":"WebSite","@id":"https:\/\/cvca.hr\/#website","url":"https:\/\/cvca.hr\/","name":"CVCA","description":"Croatian Private Equity and Venture Capital Association","publisher":{"@id":"https:\/\/cvca.hr\/#organization"},"potentialAction":[{"@type":"SearchAction","target":{"@type":"EntryPoint","urlTemplate":"https:\/\/cvca.hr\/?s={search_term_string}"},"query-input":"required name=search_term_string"}],"inLanguage":"hr"},{"@type":"Organization","@id":"https:\/\/cvca.hr\/#organization","name":"CVCA","url":"https:\/\/cvca.hr\/","logo":{"@type":"ImageObject","inLanguage":"hr","@id":"https:\/\/cvca.hr\/#\/schema\/logo\/image\/","url":"https:\/\/cvca.hr\/wp-content\/uploads\/2021\/12\/cvca-logo.png","contentUrl":"https:\/\/cvca.hr\/wp-content\/uploads\/2021\/12\/cvca-logo.png","width":500,"height":127,"caption":"CVCA"},"image":{"@id":"https:\/\/cvca.hr\/#\/schema\/logo\/image\/"},"sameAs":["https:\/\/www.facebook.com\/cvca.hr","https:\/\/twitter.com\/cvca_hr","https:\/\/www.linkedin.com\/company\/52162469\/"]},{"@type":"Person","@id":"https:\/\/cvca.hr\/#\/schema\/person\/e18d45fa927505481d363a9e92abfd7a","name":"Marta zadravec","image":{"@type":"ImageObject","inLanguage":"hr","@id":"https:\/\/cvca.hr\/#\/schema\/person\/image\/","url":"https:\/\/secure.gravatar.com\/avatar\/f9ddb7c80f0b7e85edc9f9ea214b390b7ba31fe8f558ea3196b49d87ad04d16e?s=96&d=mm&r=g","contentUrl":"https:\/\/secure.gravatar.com\/avatar\/f9ddb7c80f0b7e85edc9f9ea214b390b7ba31fe8f558ea3196b49d87ad04d16e?s=96&d=mm&r=g","caption":"Marta zadravec"},"url":"https:\/\/cvca.hr\/hr\/author\/marta\/"}]}},"_links":{"self":[{"href":"https:\/\/cvca.hr\/hr\/wp-json\/wp\/v2\/posts\/2121","targetHints":{"allow":["GET"]}}],"collection":[{"href":"https:\/\/cvca.hr\/hr\/wp-json\/wp\/v2\/posts"}],"about":[{"href":"https:\/\/cvca.hr\/hr\/wp-json\/wp\/v2\/types\/post"}],"author":[{"embeddable":true,"href":"https:\/\/cvca.hr\/hr\/wp-json\/wp\/v2\/users\/2"}],"replies":[{"embeddable":true,"href":"https:\/\/cvca.hr\/hr\/wp-json\/wp\/v2\/comments?post=2121"}],"version-history":[{"count":0,"href":"https:\/\/cvca.hr\/hr\/wp-json\/wp\/v2\/posts\/2121\/revisions"}],"wp:featuredmedia":[{"embeddable":true,"href":"https:\/\/cvca.hr\/hr\/wp-json\/wp\/v2\/media\/2125"}],"wp:attachment":[{"href":"https:\/\/cvca.hr\/hr\/wp-json\/wp\/v2\/media?parent=2121"}],"wp:term":[{"taxonomy":"category","embeddable":true,"href":"https:\/\/cvca.hr\/hr\/wp-json\/wp\/v2\/categories?post=2121"},{"taxonomy":"post_tag","embeddable":true,"href":"https:\/\/cvca.hr\/hr\/wp-json\/wp\/v2\/tags?post=2121"}],"curies":[{"name":"wp","href":"https:\/\/api.w.org\/{rel}","templated":true}]}}