{"id":2571,"date":"2022-06-10T10:19:23","date_gmt":"2022-06-10T10:19:23","guid":{"rendered":"https:\/\/cvca.hr\/poliklinika-rident-i-laboratorij-ridental-postaju-dio-adria-dental-grupe-najvece-dentalne-grupe-u-hrvatskoj-i-regiji\/"},"modified":"2023-01-16T09:22:19","modified_gmt":"2023-01-16T09:22:19","slug":"poliklinika-rident-i-laboratorij-ridental-postaju-dio-adria-dental-grupe-najvece-dentalne-grupe-u-hrvatskoj-i-regiji","status":"publish","type":"post","link":"https:\/\/cvca.hr\/hr\/poliklinika-rident-i-laboratorij-ridental-postaju-dio-adria-dental-grupe-najvece-dentalne-grupe-u-hrvatskoj-i-regiji\/","title":{"rendered":"Poliklinika Rident i laboratorij Ridental postaju dio Adria Dental Grupe, najve\u0107e dentalne grupe u Hrvatskoj i regiji"},"content":{"rendered":"\r\n<p>After last year&#8217;s investments in Zagreb based dental clinic Arena, Solin based dental clinic Salona Dental and dental lab Vladimir Te\u0161ija, <strong>Adria Dental<\/strong> <strong>Group\u2019s<\/strong> growth continues with investment in <strong>Rident<\/strong>, the largest clinic in Croatia with clinics in Rijeka and Pore\u010d, and Ridental d.o.o. dental laboratory, the largest dental laboratory in Croatia.<\/p>\r\n\r\n\r\n\r\n<p>With this investment, <strong>Adria Dental Group<\/strong> becomes the largest dental group in the region, with <strong>more than 350 employees, more than 60 surgeries, and over 140 dental professionals,<\/strong> with annual revenues of over EUR 25 million. The group consists of 4 clinics and 4 laboratories (Zagreb, Solin, Rijeka, and Pore\u010d), with additional regional expansion planned by the end of the year.<\/p>\r\n\r\n\r\n\r\n<p><em>\u201cWe are pleased that Rident recognized our vision of development and decided to become part of Adria Dental Group. Joining forces will enable additional investments in the development of our Group&#8217;s operations, including access to technologies and equipment that dictate new trends in dental services&#8221;<\/em>, said <strong>Igor \u010ci\u010dak, President and CEO of PCP and Chairman of the Supervisory Board of Adria Dental Group.<\/strong><\/p>\r\n\r\n\r\n\r\n<p>Polikliniku Rident osnovao je prije 19 godina dr. \u017deljko Miljani\u0107, predvodnik moderne stomatologije u Hrvatskoj, usmjerene vrhunskoj kvaliteti i usluzi. Ve\u0107 dugi niz godina Rident je vode\u0107a dentalna klinika u Hrvatskoj i po broju pacijenata i po broju zahvata.<\/p>\r\n\r\n\r\n\r\n<p><em>&#8220;We are proud that the largest clinic in the region has joined Adria Dental Group, making the group stronger for another outstanding clinic, all with the aim of providing our patients with the highest level of quality and service, with a team of leading experts and cutting-edge technology. We strongly believe that our patients will continue to recognize this&#8221;<\/em>, <strong>said Gordan Mu\u0161ki\u0107, President of the Management Board of Adria Dental Group.<\/strong><\/p>\r\n\r\n\r\n\r\n<p><em>&#8220;I am delighted that our clinic, with an outstanding team of dental professionals, is becoming part of Adria Dental Group. Joining ADG will enable us to further strengthen our market position and continue the<\/em> development path of both our clinic and the employees. Strong focus on patients, employees and quality has enabled us to become one of the best and most recognized dental clinics in Croatia, which was recognized by ADG, as well&#8221;, emphasized Dr.<strong> \u017deljko Miljani\u0107<\/strong>, Rident&#8217;s founder.<\/p>\r\n\r\n\r\n\r\n<p>Provectus Capital Partners (PCP), investicijska tvrtka sa sjedi\u0161tem u Zagrebu, osnovala je ASEF SCSp, najve\u0107i fond privatnog kapitala u Adria regiji, koji dr\u017ei ve\u0107inski udio u Adria Dental Grupi.<\/p>\r\n\r\n\r\n\r\n<p>PCP is a member of the Croatian Private Equity and Venture Capital Association (CVCA).<\/p>\r\n","protected":false},"excerpt":{"rendered":"<p>After last year&#8217;s investments in Zagreb based dental clinic Arena, Solin based dental clinic Salona Dental and dental lab Vladimir Te\u0161ija, Adria Dental Group\u2019s growth continues with investment in Rident, the largest clinic in Croatia with clinics in Rijeka and Pore\u010d, and Ridental d.o.o. dental laboratory, the largest dental laboratory in Croatia. With this investment, [&hellip;]<\/p>\n","protected":false},"author":2,"featured_media":2547,"comment_status":"closed","ping_status":"closed","sticky":false,"template":"","format":"standard","meta":{"footnotes":""},"categories":[57,58],"tags":[],"class_list":["post-2571","post","type-post","status-publish","format-standard","has-post-thumbnail","hentry","category-novosti","category-vijesti-clanica"],"acf":[],"yoast_head":"<!-- This site is optimized with the Yoast SEO Premium plugin v21.7 (Yoast SEO v21.8) - https:\/\/yoast.com\/wordpress\/plugins\/seo\/ -->\n<title>Poliklinika Rident i laboratorij Ridental postaju dio Adria Dental Grupe, najve\u0107e dentalne grupe u Hrvatskoj i regiji - CVCA<\/title>\n<meta name=\"robots\" content=\"index, follow, max-snippet:-1, max-image-preview:large, max-video-preview:-1\" \/>\n<link rel=\"canonical\" href=\"https:\/\/cvca.hr\/hr\/poliklinika-rident-i-laboratorij-ridental-postaju-dio-adria-dental-grupe-najvece-dentalne-grupe-u-hrvatskoj-i-regiji\/\" \/>\n<meta property=\"og:locale\" content=\"hr_HR\" \/>\n<meta property=\"og:type\" content=\"article\" \/>\n<meta property=\"og:title\" content=\"Poliklinika Rident i laboratorij Ridental postaju dio Adria Dental Grupe, najve\u0107e dentalne grupe u Hrvatskoj i regiji\" \/>\n<meta property=\"og:description\" content=\"After last year&#8217;s investments in Zagreb based dental clinic Arena, Solin based dental clinic Salona Dental and dental lab Vladimir Te\u0161ija, Adria Dental Group\u2019s growth continues with investment in Rident, the largest clinic in Croatia with clinics in Rijeka and Pore\u010d, and Ridental d.o.o. dental laboratory, the largest dental laboratory in Croatia. With this investment, [&hellip;]\" \/>\n<meta property=\"og:url\" content=\"https:\/\/cvca.hr\/hr\/poliklinika-rident-i-laboratorij-ridental-postaju-dio-adria-dental-grupe-najvece-dentalne-grupe-u-hrvatskoj-i-regiji\/\" \/>\n<meta property=\"og:site_name\" content=\"CVCA\" \/>\n<meta property=\"article:publisher\" content=\"https:\/\/www.facebook.com\/cvca.hr\" \/>\n<meta property=\"article:published_time\" content=\"2022-06-10T10:19:23+00:00\" \/>\n<meta property=\"article:modified_time\" content=\"2023-01-16T09:22:19+00:00\" \/>\n<meta property=\"og:image\" content=\"https:\/\/cvca.hr\/wp-content\/uploads\/2022\/06\/slike-za-blog.png\" \/>\n\t<meta property=\"og:image:width\" content=\"1920\" \/>\n\t<meta property=\"og:image:height\" content=\"1080\" \/>\n\t<meta property=\"og:image:type\" content=\"image\/png\" \/>\n<meta name=\"author\" content=\"Marta zadravec\" \/>\n<meta name=\"twitter:card\" content=\"summary_large_image\" \/>\n<meta name=\"twitter:creator\" content=\"@cvca_hr\" \/>\n<meta name=\"twitter:site\" content=\"@cvca_hr\" \/>\n<meta name=\"twitter:label1\" content=\"Napisao\/la\" \/>\n\t<meta name=\"twitter:data1\" content=\"Marta zadravec\" \/>\n\t<meta name=\"twitter:label2\" content=\"Procijenjeno vrijeme \u010ditanja\" \/>\n\t<meta name=\"twitter:data2\" content=\"2 minute\" \/>\n<script type=\"application\/ld+json\" class=\"yoast-schema-graph\">{\"@context\":\"https:\/\/schema.org\",\"@graph\":[{\"@type\":\"Article\",\"@id\":\"https:\/\/cvca.hr\/hr\/poliklinika-rident-i-laboratorij-ridental-postaju-dio-adria-dental-grupe-najvece-dentalne-grupe-u-hrvatskoj-i-regiji\/#article\",\"isPartOf\":{\"@id\":\"https:\/\/cvca.hr\/hr\/poliklinika-rident-i-laboratorij-ridental-postaju-dio-adria-dental-grupe-najvece-dentalne-grupe-u-hrvatskoj-i-regiji\/\"},\"author\":{\"name\":\"Marta zadravec\",\"@id\":\"https:\/\/cvca.hr\/#\/schema\/person\/e18d45fa927505481d363a9e92abfd7a\"},\"headline\":\"Poliklinika Rident i laboratorij Ridental postaju dio Adria Dental Grupe, najve\u0107e dentalne grupe u Hrvatskoj i regiji\",\"datePublished\":\"2022-06-10T10:19:23+00:00\",\"dateModified\":\"2023-01-16T09:22:19+00:00\",\"mainEntityOfPage\":{\"@id\":\"https:\/\/cvca.hr\/hr\/poliklinika-rident-i-laboratorij-ridental-postaju-dio-adria-dental-grupe-najvece-dentalne-grupe-u-hrvatskoj-i-regiji\/\"},\"wordCount\":430,\"publisher\":{\"@id\":\"https:\/\/cvca.hr\/#organization\"},\"articleSection\":[\"Novosti\",\"Vijesti \u010dlanica\"],\"inLanguage\":\"hr\"},{\"@type\":\"WebPage\",\"@id\":\"https:\/\/cvca.hr\/hr\/poliklinika-rident-i-laboratorij-ridental-postaju-dio-adria-dental-grupe-najvece-dentalne-grupe-u-hrvatskoj-i-regiji\/\",\"url\":\"https:\/\/cvca.hr\/hr\/poliklinika-rident-i-laboratorij-ridental-postaju-dio-adria-dental-grupe-najvece-dentalne-grupe-u-hrvatskoj-i-regiji\/\",\"name\":\"Poliklinika Rident i laboratorij Ridental postaju dio Adria Dental Grupe, najve\u0107e dentalne grupe u Hrvatskoj i regiji - CVCA\",\"isPartOf\":{\"@id\":\"https:\/\/cvca.hr\/#website\"},\"datePublished\":\"2022-06-10T10:19:23+00:00\",\"dateModified\":\"2023-01-16T09:22:19+00:00\",\"breadcrumb\":{\"@id\":\"https:\/\/cvca.hr\/hr\/poliklinika-rident-i-laboratorij-ridental-postaju-dio-adria-dental-grupe-najvece-dentalne-grupe-u-hrvatskoj-i-regiji\/#breadcrumb\"},\"inLanguage\":\"hr\",\"potentialAction\":[{\"@type\":\"ReadAction\",\"target\":[\"https:\/\/cvca.hr\/hr\/poliklinika-rident-i-laboratorij-ridental-postaju-dio-adria-dental-grupe-najvece-dentalne-grupe-u-hrvatskoj-i-regiji\/\"]}]},{\"@type\":\"BreadcrumbList\",\"@id\":\"https:\/\/cvca.hr\/hr\/poliklinika-rident-i-laboratorij-ridental-postaju-dio-adria-dental-grupe-najvece-dentalne-grupe-u-hrvatskoj-i-regiji\/#breadcrumb\",\"itemListElement\":[{\"@type\":\"ListItem\",\"position\":1,\"name\":\"Home\",\"item\":\"https:\/\/cvca.hr\/\"},{\"@type\":\"ListItem\",\"position\":2,\"name\":\"Poliklinika Rident i laboratorij Ridental postaju dio Adria Dental Grupe, najve\u0107e dentalne grupe u Hrvatskoj i regiji\"}]},{\"@type\":\"WebSite\",\"@id\":\"https:\/\/cvca.hr\/#website\",\"url\":\"https:\/\/cvca.hr\/\",\"name\":\"CVCA\",\"description\":\"Croatian Private Equity and Venture Capital Association\",\"publisher\":{\"@id\":\"https:\/\/cvca.hr\/#organization\"},\"potentialAction\":[{\"@type\":\"SearchAction\",\"target\":{\"@type\":\"EntryPoint\",\"urlTemplate\":\"https:\/\/cvca.hr\/?s={search_term_string}\"},\"query-input\":\"required name=search_term_string\"}],\"inLanguage\":\"hr\"},{\"@type\":\"Organization\",\"@id\":\"https:\/\/cvca.hr\/#organization\",\"name\":\"CVCA\",\"url\":\"https:\/\/cvca.hr\/\",\"logo\":{\"@type\":\"ImageObject\",\"inLanguage\":\"hr\",\"@id\":\"https:\/\/cvca.hr\/#\/schema\/logo\/image\/\",\"url\":\"https:\/\/cvca.hr\/wp-content\/uploads\/2021\/12\/cvca-logo.png\",\"contentUrl\":\"https:\/\/cvca.hr\/wp-content\/uploads\/2021\/12\/cvca-logo.png\",\"width\":500,\"height\":127,\"caption\":\"CVCA\"},\"image\":{\"@id\":\"https:\/\/cvca.hr\/#\/schema\/logo\/image\/\"},\"sameAs\":[\"https:\/\/www.facebook.com\/cvca.hr\",\"https:\/\/twitter.com\/cvca_hr\",\"https:\/\/www.linkedin.com\/company\/52162469\/\"]},{\"@type\":\"Person\",\"@id\":\"https:\/\/cvca.hr\/#\/schema\/person\/e18d45fa927505481d363a9e92abfd7a\",\"name\":\"Marta zadravec\",\"image\":{\"@type\":\"ImageObject\",\"inLanguage\":\"hr\",\"@id\":\"https:\/\/cvca.hr\/#\/schema\/person\/image\/\",\"url\":\"https:\/\/secure.gravatar.com\/avatar\/f9ddb7c80f0b7e85edc9f9ea214b390b7ba31fe8f558ea3196b49d87ad04d16e?s=96&d=mm&r=g\",\"contentUrl\":\"https:\/\/secure.gravatar.com\/avatar\/f9ddb7c80f0b7e85edc9f9ea214b390b7ba31fe8f558ea3196b49d87ad04d16e?s=96&d=mm&r=g\",\"caption\":\"Marta zadravec\"},\"url\":\"https:\/\/cvca.hr\/hr\/author\/marta\/\"}]}<\/script>\n<!-- \/ Yoast SEO Premium plugin. -->","yoast_head_json":{"title":"Poliklinika Rident i laboratorij Ridental postaju dio Adria Dental Grupe, najve\u0107e dentalne grupe u Hrvatskoj i regiji - CVCA","robots":{"index":"index","follow":"follow","max-snippet":"max-snippet:-1","max-image-preview":"max-image-preview:large","max-video-preview":"max-video-preview:-1"},"canonical":"https:\/\/cvca.hr\/hr\/poliklinika-rident-i-laboratorij-ridental-postaju-dio-adria-dental-grupe-najvece-dentalne-grupe-u-hrvatskoj-i-regiji\/","og_locale":"hr_HR","og_type":"article","og_title":"Poliklinika Rident i laboratorij Ridental postaju dio Adria Dental Grupe, najve\u0107e dentalne grupe u Hrvatskoj i regiji","og_description":"After last year&#8217;s investments in Zagreb based dental clinic Arena, Solin based dental clinic Salona Dental and dental lab Vladimir Te\u0161ija, Adria Dental Group\u2019s growth continues with investment in Rident, the largest clinic in Croatia with clinics in Rijeka and Pore\u010d, and Ridental d.o.o. dental laboratory, the largest dental laboratory in Croatia. With this investment, [&hellip;]","og_url":"https:\/\/cvca.hr\/hr\/poliklinika-rident-i-laboratorij-ridental-postaju-dio-adria-dental-grupe-najvece-dentalne-grupe-u-hrvatskoj-i-regiji\/","og_site_name":"CVCA","article_publisher":"https:\/\/www.facebook.com\/cvca.hr","article_published_time":"2022-06-10T10:19:23+00:00","article_modified_time":"2023-01-16T09:22:19+00:00","og_image":[{"width":1920,"height":1080,"url":"https:\/\/cvca.hr\/wp-content\/uploads\/2022\/06\/slike-za-blog.png","type":"image\/png"}],"author":"Marta zadravec","twitter_card":"summary_large_image","twitter_creator":"@cvca_hr","twitter_site":"@cvca_hr","twitter_misc":{"Napisao\/la":"Marta zadravec","Procijenjeno vrijeme \u010ditanja":"2 minute"},"schema":{"@context":"https:\/\/schema.org","@graph":[{"@type":"Article","@id":"https:\/\/cvca.hr\/hr\/poliklinika-rident-i-laboratorij-ridental-postaju-dio-adria-dental-grupe-najvece-dentalne-grupe-u-hrvatskoj-i-regiji\/#article","isPartOf":{"@id":"https:\/\/cvca.hr\/hr\/poliklinika-rident-i-laboratorij-ridental-postaju-dio-adria-dental-grupe-najvece-dentalne-grupe-u-hrvatskoj-i-regiji\/"},"author":{"name":"Marta zadravec","@id":"https:\/\/cvca.hr\/#\/schema\/person\/e18d45fa927505481d363a9e92abfd7a"},"headline":"Poliklinika Rident i laboratorij Ridental postaju dio Adria Dental Grupe, najve\u0107e dentalne grupe u Hrvatskoj i regiji","datePublished":"2022-06-10T10:19:23+00:00","dateModified":"2023-01-16T09:22:19+00:00","mainEntityOfPage":{"@id":"https:\/\/cvca.hr\/hr\/poliklinika-rident-i-laboratorij-ridental-postaju-dio-adria-dental-grupe-najvece-dentalne-grupe-u-hrvatskoj-i-regiji\/"},"wordCount":430,"publisher":{"@id":"https:\/\/cvca.hr\/#organization"},"articleSection":["Novosti","Vijesti \u010dlanica"],"inLanguage":"hr"},{"@type":"WebPage","@id":"https:\/\/cvca.hr\/hr\/poliklinika-rident-i-laboratorij-ridental-postaju-dio-adria-dental-grupe-najvece-dentalne-grupe-u-hrvatskoj-i-regiji\/","url":"https:\/\/cvca.hr\/hr\/poliklinika-rident-i-laboratorij-ridental-postaju-dio-adria-dental-grupe-najvece-dentalne-grupe-u-hrvatskoj-i-regiji\/","name":"Poliklinika Rident i laboratorij Ridental postaju dio Adria Dental Grupe, najve\u0107e dentalne grupe u Hrvatskoj i regiji - CVCA","isPartOf":{"@id":"https:\/\/cvca.hr\/#website"},"datePublished":"2022-06-10T10:19:23+00:00","dateModified":"2023-01-16T09:22:19+00:00","breadcrumb":{"@id":"https:\/\/cvca.hr\/hr\/poliklinika-rident-i-laboratorij-ridental-postaju-dio-adria-dental-grupe-najvece-dentalne-grupe-u-hrvatskoj-i-regiji\/#breadcrumb"},"inLanguage":"hr","potentialAction":[{"@type":"ReadAction","target":["https:\/\/cvca.hr\/hr\/poliklinika-rident-i-laboratorij-ridental-postaju-dio-adria-dental-grupe-najvece-dentalne-grupe-u-hrvatskoj-i-regiji\/"]}]},{"@type":"BreadcrumbList","@id":"https:\/\/cvca.hr\/hr\/poliklinika-rident-i-laboratorij-ridental-postaju-dio-adria-dental-grupe-najvece-dentalne-grupe-u-hrvatskoj-i-regiji\/#breadcrumb","itemListElement":[{"@type":"ListItem","position":1,"name":"Home","item":"https:\/\/cvca.hr\/"},{"@type":"ListItem","position":2,"name":"Poliklinika Rident i laboratorij Ridental postaju dio Adria Dental Grupe, najve\u0107e dentalne grupe u Hrvatskoj i regiji"}]},{"@type":"WebSite","@id":"https:\/\/cvca.hr\/#website","url":"https:\/\/cvca.hr\/","name":"CVCA","description":"Croatian Private Equity and Venture Capital Association","publisher":{"@id":"https:\/\/cvca.hr\/#organization"},"potentialAction":[{"@type":"SearchAction","target":{"@type":"EntryPoint","urlTemplate":"https:\/\/cvca.hr\/?s={search_term_string}"},"query-input":"required name=search_term_string"}],"inLanguage":"hr"},{"@type":"Organization","@id":"https:\/\/cvca.hr\/#organization","name":"CVCA","url":"https:\/\/cvca.hr\/","logo":{"@type":"ImageObject","inLanguage":"hr","@id":"https:\/\/cvca.hr\/#\/schema\/logo\/image\/","url":"https:\/\/cvca.hr\/wp-content\/uploads\/2021\/12\/cvca-logo.png","contentUrl":"https:\/\/cvca.hr\/wp-content\/uploads\/2021\/12\/cvca-logo.png","width":500,"height":127,"caption":"CVCA"},"image":{"@id":"https:\/\/cvca.hr\/#\/schema\/logo\/image\/"},"sameAs":["https:\/\/www.facebook.com\/cvca.hr","https:\/\/twitter.com\/cvca_hr","https:\/\/www.linkedin.com\/company\/52162469\/"]},{"@type":"Person","@id":"https:\/\/cvca.hr\/#\/schema\/person\/e18d45fa927505481d363a9e92abfd7a","name":"Marta zadravec","image":{"@type":"ImageObject","inLanguage":"hr","@id":"https:\/\/cvca.hr\/#\/schema\/person\/image\/","url":"https:\/\/secure.gravatar.com\/avatar\/f9ddb7c80f0b7e85edc9f9ea214b390b7ba31fe8f558ea3196b49d87ad04d16e?s=96&d=mm&r=g","contentUrl":"https:\/\/secure.gravatar.com\/avatar\/f9ddb7c80f0b7e85edc9f9ea214b390b7ba31fe8f558ea3196b49d87ad04d16e?s=96&d=mm&r=g","caption":"Marta zadravec"},"url":"https:\/\/cvca.hr\/hr\/author\/marta\/"}]}},"_links":{"self":[{"href":"https:\/\/cvca.hr\/hr\/wp-json\/wp\/v2\/posts\/2571","targetHints":{"allow":["GET"]}}],"collection":[{"href":"https:\/\/cvca.hr\/hr\/wp-json\/wp\/v2\/posts"}],"about":[{"href":"https:\/\/cvca.hr\/hr\/wp-json\/wp\/v2\/types\/post"}],"author":[{"embeddable":true,"href":"https:\/\/cvca.hr\/hr\/wp-json\/wp\/v2\/users\/2"}],"replies":[{"embeddable":true,"href":"https:\/\/cvca.hr\/hr\/wp-json\/wp\/v2\/comments?post=2571"}],"version-history":[{"count":0,"href":"https:\/\/cvca.hr\/hr\/wp-json\/wp\/v2\/posts\/2571\/revisions"}],"wp:featuredmedia":[{"embeddable":true,"href":"https:\/\/cvca.hr\/hr\/wp-json\/wp\/v2\/media\/2547"}],"wp:attachment":[{"href":"https:\/\/cvca.hr\/hr\/wp-json\/wp\/v2\/media?parent=2571"}],"wp:term":[{"taxonomy":"category","embeddable":true,"href":"https:\/\/cvca.hr\/hr\/wp-json\/wp\/v2\/categories?post=2571"},{"taxonomy":"post_tag","embeddable":true,"href":"https:\/\/cvca.hr\/hr\/wp-json\/wp\/v2\/tags?post=2571"}],"curies":[{"name":"wp","href":"https:\/\/api.w.org\/{rel}","templated":true}]}}