{"id":4116,"date":"2022-11-16T11:26:45","date_gmt":"2022-11-16T11:26:45","guid":{"rendered":"https:\/\/cvca.hr\/annual-general-assembly-meeting-xmas-networking-drinks\/"},"modified":"2022-12-15T15:17:39","modified_gmt":"2022-12-15T15:17:39","slug":"godisnja-skupstina-clanova-i-bozicni-domjenak","status":"publish","type":"post","link":"https:\/\/cvca.hr\/hr\/godisnja-skupstina-clanova-i-bozicni-domjenak\/","title":{"rendered":"Godi\u0161nja skup\u0161tina \u010dlanova i bo\u017ei\u0107ni domjenak"},"content":{"rendered":"\t\t<div data-elementor-type=\"wp-post\" data-elementor-id=\"4116\" class=\"elementor elementor-4116 elementor-4105\" data-elementor-post-type=\"post\">\n\t\t\t\t\t\t\t\t\t<section class=\"has_ae_slider elementor-section elementor-top-section elementor-element elementor-element-5758746 elementor-section-content-bottom elementor-section-boxed elementor-section-height-default elementor-section-height-default ae-bg-gallery-type-default\" data-id=\"5758746\" data-element_type=\"section\">\n\t\t\t\t\t\t<div class=\"elementor-container elementor-column-gap-default\">\n\t\t\t\t\t<div class=\"has_ae_slider elementor-column elementor-col-100 elementor-top-column elementor-element elementor-element-956ebdc ae-bg-gallery-type-default\" data-id=\"956ebdc\" data-element_type=\"column\">\n\t\t\t<div class=\"elementor-widget-wrap elementor-element-populated\">\n\t\t\t\t\t\t\t\t<div class=\"elementor-element elementor-element-660b194 elementor-widget elementor-widget-heading\" data-id=\"660b194\" data-element_type=\"widget\" data-widget_type=\"heading.default\">\n\t\t\t\t<div class=\"elementor-widget-container\">\n\t\t\t<style>\/*! elementor - v3.18.0 - 20-12-2023 *\/\n.elementor-heading-title{padding:0;margin:0;line-height:1}.elementor-widget-heading .elementor-heading-title[class*=elementor-size-]>a{color:inherit;font-size:inherit;line-height:inherit}.elementor-widget-heading .elementor-heading-title.elementor-size-small{font-size:15px}.elementor-widget-heading .elementor-heading-title.elementor-size-medium{font-size:19px}.elementor-widget-heading .elementor-heading-title.elementor-size-large{font-size:29px}.elementor-widget-heading .elementor-heading-title.elementor-size-xl{font-size:39px}.elementor-widget-heading .elementor-heading-title.elementor-size-xxl{font-size:59px}<\/style><h3 class=\"elementor-heading-title elementor-size-default\">Godi\u0161nja sku\u0161tina \u010dlanova i bo\u017ei\u0107ni domjenak<\/h3>\t\t<\/div>\n\t\t\t\t<\/div>\n\t\t\t\t<div class=\"elementor-element elementor-element-889c52f elementor-widget elementor-widget-heading\" data-id=\"889c52f\" data-element_type=\"widget\" data-widget_type=\"heading.default\">\n\t\t\t\t<div class=\"elementor-widget-container\">\n\t\t\t<h2 class=\"elementor-heading-title elementor-size-default\">Skup\u0161tina \u010dlanova odr\u017eana 14. prosinca 2022.<\/h2>\t\t<\/div>\n\t\t\t\t<\/div>\n\t\t\t\t<div class=\"elementor-element elementor-element-54256fc text elementor-widget elementor-widget-text-editor\" data-id=\"54256fc\" data-element_type=\"widget\" data-widget_type=\"text-editor.default\">\n\t\t\t\t<div class=\"elementor-widget-container\">\n\t\t\t<style>\/*! elementor - v3.18.0 - 20-12-2023 *\/\n.elementor-widget-text-editor.elementor-drop-cap-view-stacked .elementor-drop-cap{background-color:#69727d;color:#fff}.elementor-widget-text-editor.elementor-drop-cap-view-framed .elementor-drop-cap{color:#69727d;border:3px solid;background-color:transparent}.elementor-widget-text-editor:not(.elementor-drop-cap-view-default) .elementor-drop-cap{margin-top:8px}.elementor-widget-text-editor:not(.elementor-drop-cap-view-default) .elementor-drop-cap-letter{width:1em;height:1em}.elementor-widget-text-editor .elementor-drop-cap{float:left;text-align:center;line-height:1;font-size:50px}.elementor-widget-text-editor .elementor-drop-cap-letter{display:inline-block}<\/style>\t\t\t\t<div dir=\"auto\"><p>Hrvatska Private Equity i Venture Captal Asocijacija (CVCA) odr\u017eala je srijedu, 14. prosinca 2022. redovnu sjednicu Skup\u0161tine \u010dlanova, nakon \u010dega je uslijedio Bo\u017ei\u0107ni domjenak \u010dlanova i poslovnih partnera.<\/p><p>Na Skup\u0161tini je Mirna Marovi\u0107, predsjednica CVCA, predstavila Izvje\u0161\u0107e predsjednice o aktivnostima provedenim u 2022. godini. Neke od aktivnosti u 2022. su bile organizacija vode\u0107eg doga\u0111anja, BestInvest Croatia konferencije i dodjela nagrada za najbolja private equity i venture capital ulaganja, koja je postigla zna\u010dajan uspjeh, te je medijski vrlo popra\u0107ena. Ostale aktivnosti uklju\u010divale su redovite sjednice Upravnog odbora, uspostavljanje partnerstava s raznim institucijama, redovito a\u017euriranje CVCA web stranice s novostima s tr\u017ei\u0161ta, vijestima o \u010dlanovima i raznim izvje\u0161\u0107ima, te redovite objave na dru\u0161tvenim mre\u017eama i e-newsletter. Nakon izvje\u0161\u0107a predsjednice i kratkog sa\u017eetka aktivnosti u 2022. godini, \u010dlanovi CVCA-a razgovarali su o konkretnim sljede\u0107im koracima u aktivnostima CVCA-a, operativnim pitanjima i nekim drugim temama. Neke od aktivnosti koje su planirane za 2023. uklju\u010duju objavljivanje publikacije\u00a0 \u201cHrvatske pri\u010de o uspjehu\u201d, organiziranje SustainInvest konferencije za promicanje odr\u017eivog i odgovornog ulaganja PE&amp;VC i financijske industrije (1. o\u017eujka 2023, hotel Westin, Zagreb), LP\/GP Networking Event u Dubrovniku (17.-19. svibnja 2023, hotel Excelsior, Dubrovnik), te tre\u0107e izbadanje konferenciju BestInvest Croatia (27. lipnja 2023, hotel Westin, Zagreb). Ostale aktivnosti uklju\u010divat \u0107e ankete i prikupljanje podataka (za CVCA i kao dio European Data Cooperative, Invest Europe), suradnju s vode\u0107im globalnim i regionalnim partnerskim doga\u0111ajima, te doprinos \u010dlanova na web stranici CVCA, dru\u0161tvenim mre\u017eama, sadr\u017eaju e-newslettera.<\/p><p>Nakon formalnog dijela skup\u0161tine, uslijedio je Bo\u017ei\u0107ni domjenak koji je uz \u010dlanove CVCA okupio i predstavnike poslovne zajednice povezane s private equity i venture capital industrijom.\u00a0<\/p><\/div>\t\t\t\t\t\t<\/div>\n\t\t\t\t<\/div>\n\t\t\t\t<div class=\"elementor-element elementor-element-6dccfd0 elementor-widget elementor-widget-accordion\" data-id=\"6dccfd0\" data-element_type=\"widget\" data-widget_type=\"accordion.default\">\n\t\t\t\t<div class=\"elementor-widget-container\">\n\t\t\t<style>\/*! elementor - v3.18.0 - 20-12-2023 *\/\n.elementor-accordion{text-align:left}.elementor-accordion .elementor-accordion-item{border:1px solid #d5d8dc}.elementor-accordion .elementor-accordion-item+.elementor-accordion-item{border-top:none}.elementor-accordion .elementor-tab-title{margin:0;padding:15px 20px;font-weight:700;line-height:1;cursor:pointer;outline:none}.elementor-accordion .elementor-tab-title .elementor-accordion-icon{display:inline-block;width:1.5em}.elementor-accordion .elementor-tab-title .elementor-accordion-icon svg{width:1em;height:1em}.elementor-accordion .elementor-tab-title .elementor-accordion-icon.elementor-accordion-icon-right{float:right;text-align:right}.elementor-accordion .elementor-tab-title .elementor-accordion-icon.elementor-accordion-icon-left{float:left;text-align:left}.elementor-accordion .elementor-tab-title .elementor-accordion-icon .elementor-accordion-icon-closed{display:block}.elementor-accordion .elementor-tab-title .elementor-accordion-icon .elementor-accordion-icon-opened,.elementor-accordion .elementor-tab-title.elementor-active .elementor-accordion-icon-closed{display:none}.elementor-accordion .elementor-tab-title.elementor-active .elementor-accordion-icon-opened{display:block}.elementor-accordion .elementor-tab-content{display:none;padding:15px 20px;border-top:1px solid #d5d8dc}@media (max-width:767px){.elementor-accordion .elementor-tab-title{padding:12px 15px}.elementor-accordion .elementor-tab-title .elementor-accordion-icon{width:1.2em}.elementor-accordion .elementor-tab-content{padding:7px 15px}}.e-con-inner>.elementor-widget-accordion,.e-con>.elementor-widget-accordion{width:var(--container-widget-width);--flex-grow:var(--container-widget-flex-grow)}<\/style>\t\t<div class=\"elementor-accordion\">\n\t\t\t\t\t\t\t<div class=\"elementor-accordion-item\">\n\t\t\t\t\t<div id=\"elementor-tab-title-1151\" class=\"elementor-tab-title\" data-tab=\"1\" role=\"button\" aria-controls=\"elementor-tab-content-1151\" aria-expanded=\"false\">\n\t\t\t\t\t\t\t\t\t\t\t\t\t<span class=\"elementor-accordion-icon elementor-accordion-icon-right\" aria-hidden=\"true\">\n\t\t\t\t\t\t\t\t\t\t\t\t\t\t\t<span class=\"elementor-accordion-icon-closed\"><i class=\"fas fa-chevron-down\"><\/i><\/span>\n\t\t\t\t\t\t\t\t<span class=\"elementor-accordion-icon-opened\"><i class=\"fas fa-chevron-up\"><\/i><\/span>\n\t\t\t\t\t\t\t\t\t\t\t\t\t\t<\/span>\n\t\t\t\t\t\t\t\t\t\t\t\t<a class=\"elementor-accordion-title\" tabindex=\"0\"><img decoding=\"async\" style=\"margin-right:25px;height:20px;width:20px\" src=\"https:\/\/cvca.hr\/wp-content\/uploads\/2022\/11\/clock.png\" \/> <span style=\"margin-right:50px\">16:00 - 17:00<\/span>Godi\u0161nja skup\u0161tina CVCA, dvorana Pariz, Esplanada<\/a>\n\t\t\t\t\t<\/div>\n\t\t\t\t\t<div id=\"elementor-tab-content-1151\" class=\"elementor-tab-content elementor-clearfix\" data-tab=\"1\" role=\"region\" aria-labelledby=\"elementor-tab-title-1151\"><p>Godi\u0161nja skup\u0161tina CVCA, dvorana Pariz, Esplanada<\/p>\n<\/div>\n\t\t\t\t<\/div>\n\t\t\t\t\t\t\t<div class=\"elementor-accordion-item\">\n\t\t\t\t\t<div id=\"elementor-tab-title-1152\" class=\"elementor-tab-title\" data-tab=\"2\" role=\"button\" aria-controls=\"elementor-tab-content-1152\" aria-expanded=\"false\">\n\t\t\t\t\t\t\t\t\t\t\t\t\t<span class=\"elementor-accordion-icon elementor-accordion-icon-right\" aria-hidden=\"true\">\n\t\t\t\t\t\t\t\t\t\t\t\t\t\t\t<span class=\"elementor-accordion-icon-closed\"><i class=\"fas fa-chevron-down\"><\/i><\/span>\n\t\t\t\t\t\t\t\t<span class=\"elementor-accordion-icon-opened\"><i class=\"fas fa-chevron-up\"><\/i><\/span>\n\t\t\t\t\t\t\t\t\t\t\t\t\t\t<\/span>\n\t\t\t\t\t\t\t\t\t\t\t\t<a class=\"elementor-accordion-title\" tabindex=\"0\"><img decoding=\"async\" style=\"margin-right:25px;height:20px;width:20px\" src=\"https:\/\/cvca.hr\/wp-content\/uploads\/2022\/11\/clock.png\" \/> <span style=\"margin-right:50px\">17:00 - 18:30<\/span>Bo\u017ei\u0107ni domjenak, dvorana Paris, Esplanda<\/a>\n\t\t\t\t\t<\/div>\n\t\t\t\t\t<div id=\"elementor-tab-content-1152\" class=\"elementor-tab-content elementor-clearfix\" data-tab=\"2\" role=\"region\" aria-labelledby=\"elementor-tab-title-1152\"><p>Bo\u017ei\u0107ni domjenak, dvorana Paris, Esplanda<\/p>\n<\/div>\n\t\t\t\t<\/div>\n\t\t\t\t\t\t\t<div class=\"elementor-accordion-item\">\n\t\t\t\t\t<div id=\"elementor-tab-title-1153\" class=\"elementor-tab-title\" data-tab=\"3\" role=\"button\" aria-controls=\"elementor-tab-content-1153\" aria-expanded=\"false\">\n\t\t\t\t\t\t\t\t\t\t\t\t\t<span class=\"elementor-accordion-icon elementor-accordion-icon-right\" aria-hidden=\"true\">\n\t\t\t\t\t\t\t\t\t\t\t\t\t\t\t<span class=\"elementor-accordion-icon-closed\"><i class=\"fas fa-chevron-down\"><\/i><\/span>\n\t\t\t\t\t\t\t\t<span class=\"elementor-accordion-icon-opened\"><i class=\"fas fa-chevron-up\"><\/i><\/span>\n\t\t\t\t\t\t\t\t\t\t\t\t\t\t<\/span>\n\t\t\t\t\t\t\t\t\t\t\t\t<a class=\"elementor-accordion-title\" tabindex=\"0\"><img decoding=\"async\" style=\"margin-right:25px;height:20px;width:20px\" src=\"https:\/\/cvca.hr\/wp-content\/uploads\/2022\/11\/clock.png\" \/> <span style=\"margin-right:50px\">18:30<\/span>Afterparty, Fuliranje, terasa Oleandar, Esplanada<\/a>\n\t\t\t\t\t<\/div>\n\t\t\t\t\t<div id=\"elementor-tab-content-1153\" class=\"elementor-tab-content elementor-clearfix\" data-tab=\"3\" role=\"region\" aria-labelledby=\"elementor-tab-title-1153\"><p>Afterparty, Fuliranje, terasa Oleandar, Esplanada<\/p>\n<\/div>\n\t\t\t\t<\/div>\n\t\t\t\t\t\t\t\t<\/div>\n\t\t\t\t<\/div>\n\t\t\t\t<\/div>\n\t\t\t\t\t<\/div>\n\t\t<\/div>\n\t\t\t\t\t\t\t<\/div>\n\t\t<\/section>\n\t\t\t\t\t\t\t<\/div>\n\t\t","protected":false},"excerpt":{"rendered":"<p>Godi\u0161nja sku\u0161tina \u010dlanova i bo\u017ei\u0107ni domjenak Skup\u0161tina \u010dlanova odr\u017eana 14. prosinca 2022. Hrvatska Private Equity i Venture Captal Asocijacija (CVCA) odr\u017eala je srijedu, 14. prosinca 2022. redovnu sjednicu Skup\u0161tine \u010dlanova, nakon \u010dega je uslijedio Bo\u017ei\u0107ni domjenak \u010dlanova i poslovnih partnera. Na Skup\u0161tini je Mirna Marovi\u0107, predsjednica CVCA, predstavila Izvje\u0161\u0107e predsjednice o aktivnostima provedenim u 2022. [&hellip;]<\/p>\n","protected":false},"author":1,"featured_media":4158,"comment_status":"closed","ping_status":"closed","sticky":false,"template":"","format":"standard","meta":{"footnotes":""},"categories":[57],"tags":[],"class_list":["post-4116","post","type-post","status-publish","format-standard","has-post-thumbnail","hentry","category-novosti"],"acf":[],"yoast_head":"<!-- This site is optimized with the Yoast SEO Premium plugin v21.7 (Yoast SEO v21.8) - https:\/\/yoast.com\/wordpress\/plugins\/seo\/ -->\n<title>Godi\u0161nja skup\u0161tina \u010dlanova i bo\u017ei\u0107ni domjenak - CVCA<\/title>\n<meta name=\"robots\" content=\"index, follow, max-snippet:-1, max-image-preview:large, max-video-preview:-1\" \/>\n<link rel=\"canonical\" href=\"https:\/\/cvca.hr\/hr\/godisnja-skupstina-clanova-i-bozicni-domjenak\/\" \/>\n<meta property=\"og:locale\" content=\"hr_HR\" \/>\n<meta property=\"og:type\" content=\"article\" \/>\n<meta property=\"og:title\" content=\"Godi\u0161nja skup\u0161tina \u010dlanova i bo\u017ei\u0107ni domjenak\" \/>\n<meta property=\"og:description\" content=\"Godi\u0161nja sku\u0161tina \u010dlanova i bo\u017ei\u0107ni domjenak Skup\u0161tina \u010dlanova odr\u017eana 14. prosinca 2022. Hrvatska Private Equity i Venture Captal Asocijacija (CVCA) odr\u017eala je srijedu, 14. prosinca 2022. redovnu sjednicu Skup\u0161tine \u010dlanova, nakon \u010dega je uslijedio Bo\u017ei\u0107ni domjenak \u010dlanova i poslovnih partnera. Na Skup\u0161tini je Mirna Marovi\u0107, predsjednica CVCA, predstavila Izvje\u0161\u0107e predsjednice o aktivnostima provedenim u 2022. [&hellip;]\" \/>\n<meta property=\"og:url\" content=\"https:\/\/cvca.hr\/hr\/godisnja-skupstina-clanova-i-bozicni-domjenak\/\" \/>\n<meta property=\"og:site_name\" content=\"CVCA\" \/>\n<meta property=\"article:publisher\" content=\"https:\/\/www.facebook.com\/cvca.hr\" \/>\n<meta property=\"article:published_time\" content=\"2022-11-16T11:26:45+00:00\" \/>\n<meta property=\"article:modified_time\" content=\"2022-12-15T15:17:39+00:00\" \/>\n<meta property=\"og:image\" content=\"https:\/\/cvca.hr\/wp-content\/uploads\/2022\/11\/Xmas-CVCA-2022-web-banner-800x533-3-1024x682.png\" \/>\n\t<meta property=\"og:image:width\" content=\"1024\" \/>\n\t<meta property=\"og:image:height\" content=\"682\" \/>\n\t<meta property=\"og:image:type\" content=\"image\/png\" \/>\n<meta name=\"author\" content=\"jure\" \/>\n<meta name=\"twitter:card\" content=\"summary_large_image\" \/>\n<meta name=\"twitter:creator\" content=\"@cvca_hr\" \/>\n<meta name=\"twitter:site\" content=\"@cvca_hr\" \/>\n<meta name=\"twitter:label1\" content=\"Napisao\/la\" \/>\n\t<meta name=\"twitter:data1\" content=\"jure\" \/>\n\t<meta name=\"twitter:label2\" content=\"Procijenjeno vrijeme \u010ditanja\" \/>\n\t<meta name=\"twitter:data2\" content=\"3 minute\" \/>\n<script type=\"application\/ld+json\" class=\"yoast-schema-graph\">{\"@context\":\"https:\/\/schema.org\",\"@graph\":[{\"@type\":\"Article\",\"@id\":\"https:\/\/cvca.hr\/hr\/godisnja-skupstina-clanova-i-bozicni-domjenak\/#article\",\"isPartOf\":{\"@id\":\"https:\/\/cvca.hr\/hr\/godisnja-skupstina-clanova-i-bozicni-domjenak\/\"},\"author\":{\"name\":\"jure\",\"@id\":\"https:\/\/cvca.hr\/#\/schema\/person\/a0652a205d7927dd68ad61d744f70651\"},\"headline\":\"Godi\u0161nja skup\u0161tina \u010dlanova i bo\u017ei\u0107ni domjenak\",\"datePublished\":\"2022-11-16T11:26:45+00:00\",\"dateModified\":\"2022-12-15T15:17:39+00:00\",\"mainEntityOfPage\":{\"@id\":\"https:\/\/cvca.hr\/hr\/godisnja-skupstina-clanova-i-bozicni-domjenak\/\"},\"wordCount\":355,\"publisher\":{\"@id\":\"https:\/\/cvca.hr\/#organization\"},\"articleSection\":[\"Novosti\"],\"inLanguage\":\"hr\"},{\"@type\":\"WebPage\",\"@id\":\"https:\/\/cvca.hr\/hr\/godisnja-skupstina-clanova-i-bozicni-domjenak\/\",\"url\":\"https:\/\/cvca.hr\/hr\/godisnja-skupstina-clanova-i-bozicni-domjenak\/\",\"name\":\"Godi\u0161nja skup\u0161tina \u010dlanova i bo\u017ei\u0107ni domjenak - CVCA\",\"isPartOf\":{\"@id\":\"https:\/\/cvca.hr\/#website\"},\"datePublished\":\"2022-11-16T11:26:45+00:00\",\"dateModified\":\"2022-12-15T15:17:39+00:00\",\"breadcrumb\":{\"@id\":\"https:\/\/cvca.hr\/hr\/godisnja-skupstina-clanova-i-bozicni-domjenak\/#breadcrumb\"},\"inLanguage\":\"hr\",\"potentialAction\":[{\"@type\":\"ReadAction\",\"target\":[\"https:\/\/cvca.hr\/hr\/godisnja-skupstina-clanova-i-bozicni-domjenak\/\"]}]},{\"@type\":\"BreadcrumbList\",\"@id\":\"https:\/\/cvca.hr\/hr\/godisnja-skupstina-clanova-i-bozicni-domjenak\/#breadcrumb\",\"itemListElement\":[{\"@type\":\"ListItem\",\"position\":1,\"name\":\"Home\",\"item\":\"https:\/\/cvca.hr\/\"},{\"@type\":\"ListItem\",\"position\":2,\"name\":\"Godi\u0161nja skup\u0161tina \u010dlanova i bo\u017ei\u0107ni domjenak\"}]},{\"@type\":\"WebSite\",\"@id\":\"https:\/\/cvca.hr\/#website\",\"url\":\"https:\/\/cvca.hr\/\",\"name\":\"CVCA\",\"description\":\"Croatian Private Equity and Venture Capital Association\",\"publisher\":{\"@id\":\"https:\/\/cvca.hr\/#organization\"},\"potentialAction\":[{\"@type\":\"SearchAction\",\"target\":{\"@type\":\"EntryPoint\",\"urlTemplate\":\"https:\/\/cvca.hr\/?s={search_term_string}\"},\"query-input\":\"required name=search_term_string\"}],\"inLanguage\":\"hr\"},{\"@type\":\"Organization\",\"@id\":\"https:\/\/cvca.hr\/#organization\",\"name\":\"CVCA\",\"url\":\"https:\/\/cvca.hr\/\",\"logo\":{\"@type\":\"ImageObject\",\"inLanguage\":\"hr\",\"@id\":\"https:\/\/cvca.hr\/#\/schema\/logo\/image\/\",\"url\":\"https:\/\/cvca.hr\/wp-content\/uploads\/2021\/12\/cvca-logo.png\",\"contentUrl\":\"https:\/\/cvca.hr\/wp-content\/uploads\/2021\/12\/cvca-logo.png\",\"width\":500,\"height\":127,\"caption\":\"CVCA\"},\"image\":{\"@id\":\"https:\/\/cvca.hr\/#\/schema\/logo\/image\/\"},\"sameAs\":[\"https:\/\/www.facebook.com\/cvca.hr\",\"https:\/\/twitter.com\/cvca_hr\",\"https:\/\/www.linkedin.com\/company\/52162469\/\"]},{\"@type\":\"Person\",\"@id\":\"https:\/\/cvca.hr\/#\/schema\/person\/a0652a205d7927dd68ad61d744f70651\",\"name\":\"jure\",\"image\":{\"@type\":\"ImageObject\",\"inLanguage\":\"hr\",\"@id\":\"https:\/\/cvca.hr\/#\/schema\/person\/image\/\",\"url\":\"https:\/\/secure.gravatar.com\/avatar\/d032da1cd58cf980bc0044f3c043221cb5548e32858a2f67372311f23d16c7a4?s=96&d=mm&r=g\",\"contentUrl\":\"https:\/\/secure.gravatar.com\/avatar\/d032da1cd58cf980bc0044f3c043221cb5548e32858a2f67372311f23d16c7a4?s=96&d=mm&r=g\",\"caption\":\"jure\"},\"sameAs\":[\"https:\/\/cvca.hr\"],\"url\":\"https:\/\/cvca.hr\/hr\/author\/jure\/\"}]}<\/script>\n<!-- \/ Yoast SEO Premium plugin. -->","yoast_head_json":{"title":"Godi\u0161nja skup\u0161tina \u010dlanova i bo\u017ei\u0107ni domjenak - CVCA","robots":{"index":"index","follow":"follow","max-snippet":"max-snippet:-1","max-image-preview":"max-image-preview:large","max-video-preview":"max-video-preview:-1"},"canonical":"https:\/\/cvca.hr\/hr\/godisnja-skupstina-clanova-i-bozicni-domjenak\/","og_locale":"hr_HR","og_type":"article","og_title":"Godi\u0161nja skup\u0161tina \u010dlanova i bo\u017ei\u0107ni domjenak","og_description":"Godi\u0161nja sku\u0161tina \u010dlanova i bo\u017ei\u0107ni domjenak Skup\u0161tina \u010dlanova odr\u017eana 14. prosinca 2022. Hrvatska Private Equity i Venture Captal Asocijacija (CVCA) odr\u017eala je srijedu, 14. prosinca 2022. redovnu sjednicu Skup\u0161tine \u010dlanova, nakon \u010dega je uslijedio Bo\u017ei\u0107ni domjenak \u010dlanova i poslovnih partnera. Na Skup\u0161tini je Mirna Marovi\u0107, predsjednica CVCA, predstavila Izvje\u0161\u0107e predsjednice o aktivnostima provedenim u 2022. [&hellip;]","og_url":"https:\/\/cvca.hr\/hr\/godisnja-skupstina-clanova-i-bozicni-domjenak\/","og_site_name":"CVCA","article_publisher":"https:\/\/www.facebook.com\/cvca.hr","article_published_time":"2022-11-16T11:26:45+00:00","article_modified_time":"2022-12-15T15:17:39+00:00","og_image":[{"width":1024,"height":682,"url":"https:\/\/cvca.hr\/wp-content\/uploads\/2022\/11\/Xmas-CVCA-2022-web-banner-800x533-3-1024x682.png","type":"image\/png"}],"author":"jure","twitter_card":"summary_large_image","twitter_creator":"@cvca_hr","twitter_site":"@cvca_hr","twitter_misc":{"Napisao\/la":"jure","Procijenjeno vrijeme \u010ditanja":"3 minute"},"schema":{"@context":"https:\/\/schema.org","@graph":[{"@type":"Article","@id":"https:\/\/cvca.hr\/hr\/godisnja-skupstina-clanova-i-bozicni-domjenak\/#article","isPartOf":{"@id":"https:\/\/cvca.hr\/hr\/godisnja-skupstina-clanova-i-bozicni-domjenak\/"},"author":{"name":"jure","@id":"https:\/\/cvca.hr\/#\/schema\/person\/a0652a205d7927dd68ad61d744f70651"},"headline":"Godi\u0161nja skup\u0161tina \u010dlanova i bo\u017ei\u0107ni domjenak","datePublished":"2022-11-16T11:26:45+00:00","dateModified":"2022-12-15T15:17:39+00:00","mainEntityOfPage":{"@id":"https:\/\/cvca.hr\/hr\/godisnja-skupstina-clanova-i-bozicni-domjenak\/"},"wordCount":355,"publisher":{"@id":"https:\/\/cvca.hr\/#organization"},"articleSection":["Novosti"],"inLanguage":"hr"},{"@type":"WebPage","@id":"https:\/\/cvca.hr\/hr\/godisnja-skupstina-clanova-i-bozicni-domjenak\/","url":"https:\/\/cvca.hr\/hr\/godisnja-skupstina-clanova-i-bozicni-domjenak\/","name":"Godi\u0161nja skup\u0161tina \u010dlanova i bo\u017ei\u0107ni domjenak - CVCA","isPartOf":{"@id":"https:\/\/cvca.hr\/#website"},"datePublished":"2022-11-16T11:26:45+00:00","dateModified":"2022-12-15T15:17:39+00:00","breadcrumb":{"@id":"https:\/\/cvca.hr\/hr\/godisnja-skupstina-clanova-i-bozicni-domjenak\/#breadcrumb"},"inLanguage":"hr","potentialAction":[{"@type":"ReadAction","target":["https:\/\/cvca.hr\/hr\/godisnja-skupstina-clanova-i-bozicni-domjenak\/"]}]},{"@type":"BreadcrumbList","@id":"https:\/\/cvca.hr\/hr\/godisnja-skupstina-clanova-i-bozicni-domjenak\/#breadcrumb","itemListElement":[{"@type":"ListItem","position":1,"name":"Home","item":"https:\/\/cvca.hr\/"},{"@type":"ListItem","position":2,"name":"Godi\u0161nja skup\u0161tina \u010dlanova i bo\u017ei\u0107ni domjenak"}]},{"@type":"WebSite","@id":"https:\/\/cvca.hr\/#website","url":"https:\/\/cvca.hr\/","name":"CVCA","description":"Croatian Private Equity and Venture Capital Association","publisher":{"@id":"https:\/\/cvca.hr\/#organization"},"potentialAction":[{"@type":"SearchAction","target":{"@type":"EntryPoint","urlTemplate":"https:\/\/cvca.hr\/?s={search_term_string}"},"query-input":"required name=search_term_string"}],"inLanguage":"hr"},{"@type":"Organization","@id":"https:\/\/cvca.hr\/#organization","name":"CVCA","url":"https:\/\/cvca.hr\/","logo":{"@type":"ImageObject","inLanguage":"hr","@id":"https:\/\/cvca.hr\/#\/schema\/logo\/image\/","url":"https:\/\/cvca.hr\/wp-content\/uploads\/2021\/12\/cvca-logo.png","contentUrl":"https:\/\/cvca.hr\/wp-content\/uploads\/2021\/12\/cvca-logo.png","width":500,"height":127,"caption":"CVCA"},"image":{"@id":"https:\/\/cvca.hr\/#\/schema\/logo\/image\/"},"sameAs":["https:\/\/www.facebook.com\/cvca.hr","https:\/\/twitter.com\/cvca_hr","https:\/\/www.linkedin.com\/company\/52162469\/"]},{"@type":"Person","@id":"https:\/\/cvca.hr\/#\/schema\/person\/a0652a205d7927dd68ad61d744f70651","name":"jure","image":{"@type":"ImageObject","inLanguage":"hr","@id":"https:\/\/cvca.hr\/#\/schema\/person\/image\/","url":"https:\/\/secure.gravatar.com\/avatar\/d032da1cd58cf980bc0044f3c043221cb5548e32858a2f67372311f23d16c7a4?s=96&d=mm&r=g","contentUrl":"https:\/\/secure.gravatar.com\/avatar\/d032da1cd58cf980bc0044f3c043221cb5548e32858a2f67372311f23d16c7a4?s=96&d=mm&r=g","caption":"jure"},"sameAs":["https:\/\/cvca.hr"],"url":"https:\/\/cvca.hr\/hr\/author\/jure\/"}]}},"_links":{"self":[{"href":"https:\/\/cvca.hr\/hr\/wp-json\/wp\/v2\/posts\/4116","targetHints":{"allow":["GET"]}}],"collection":[{"href":"https:\/\/cvca.hr\/hr\/wp-json\/wp\/v2\/posts"}],"about":[{"href":"https:\/\/cvca.hr\/hr\/wp-json\/wp\/v2\/types\/post"}],"author":[{"embeddable":true,"href":"https:\/\/cvca.hr\/hr\/wp-json\/wp\/v2\/users\/1"}],"replies":[{"embeddable":true,"href":"https:\/\/cvca.hr\/hr\/wp-json\/wp\/v2\/comments?post=4116"}],"version-history":[{"count":0,"href":"https:\/\/cvca.hr\/hr\/wp-json\/wp\/v2\/posts\/4116\/revisions"}],"wp:featuredmedia":[{"embeddable":true,"href":"https:\/\/cvca.hr\/hr\/wp-json\/wp\/v2\/media\/4158"}],"wp:attachment":[{"href":"https:\/\/cvca.hr\/hr\/wp-json\/wp\/v2\/media?parent=4116"}],"wp:term":[{"taxonomy":"category","embeddable":true,"href":"https:\/\/cvca.hr\/hr\/wp-json\/wp\/v2\/categories?post=4116"},{"taxonomy":"post_tag","embeddable":true,"href":"https:\/\/cvca.hr\/hr\/wp-json\/wp\/v2\/tags?post=4116"}],"curies":[{"name":"wp","href":"https:\/\/api.w.org\/{rel}","templated":true}]}}