{"id":6960,"date":"2025-03-14T08:58:42","date_gmt":"2025-03-14T08:58:42","guid":{"rendered":"https:\/\/cvca.hr\/godisnja-skupstina-clanova-cvca-2025\/"},"modified":"2025-03-14T08:58:42","modified_gmt":"2025-03-14T08:58:42","slug":"godisnja-skupstina-clanova-cvca-2025","status":"publish","type":"post","link":"https:\/\/cvca.hr\/hr\/godisnja-skupstina-clanova-cvca-2025\/","title":{"rendered":"Godi\u0161nja skup\u0161tina \u010dlanova CVCA 2025."},"content":{"rendered":"<p>Dana <strong>4. velja\u010de 2025.<\/strong>, <strong>Hrvatska Private Equity i Venture Capital Asocijacija (CVCA)<\/strong> odr\u017eala je svoju <strong>redovnu godi\u0161nju skup\u0161tinu \u010dlanova<\/strong>, nakon koje je uslijedila <strong>konstituiraju\u0107a sjednica novoizabranog Upravnog odbora<\/strong>, u hotelu Esplanade Zagreb i putem Zoom video konferencije.<\/p>\n<p>\u010clanstvo CVCA na dan Skup\u0161tine uklju\u010divalo je <strong>20 redovnih \u010dlanova<\/strong>, upravitelja private equity, venture capital i mezzanine fondova sa sjedi\u0161tem ili predstavni\u0161tvima u Hrvatskoj, koji upravljaju s <strong>preko 4 milijardi eura imovine<\/strong>, te pridru\u017eene, individualne i po\u010dasne \u010dlanove, s ukupno <strong>30 aktivnih \u010dlanova<\/strong>. Skup\u0161tini su prisustvovali predstavnici <strong>16 od ukupno 20 redovnih \u010dlanova<\/strong>, dva od devet pridru\u017eenih \u010dlanova \u2014 <strong>VentureXchange d.o.o.<\/strong> i <strong>Bradvica Mari\u0107 Wahl Cesarec Skerlev odvjetni\u010dko dru\u0161tvo d.o.o.<\/strong>, kao i po\u010dasna \u010dlanica i osniva\u010dica <strong>Mirna Marovi\u0107<\/strong>, \u010dime je ostvaren valjan kvorum za dono\u0161enje odluka.<\/p>\n<p>Nakon odr\u017eane Skup\u0161tine, <strong>\u010detiri nova redovna \u010dlana pristupila su CVCA<\/strong>, \u010dime je ukupan broj redovnih \u010dlanova porastao na <strong>23<\/strong>, uz <strong>9 pridru\u017eenih \u010dlanova<\/strong> i <strong>1 po\u010dasnog \u010dlana<\/strong>, odnosno ukupno <strong>30 \u010dlanova<\/strong> zaklju\u010dno s <strong>28. velja\u010de 2025.<\/strong><\/p>\n<p><strong>Redovni \u010dlanovi<\/strong> CVCA sada su: <strong>Aymo Ventures, BlackPeak Capital, Blue Sea Capital, ECM Partners, Eleven Ventures, Enterprise Investors, Fil Rouge Capital, Feelsgood Capital Partners, GreenArt Equity (biv\u0161i CEE Equity Partners), GYAS, HMID d.o.o. (Hrvatsko mirovinsko investicijsko dru\u0161tvo), Inspire Investments, Integral Venture Partners, InterCapital Asset Management, Invera Private Equity, Mezzanine Partners, N Vision Ventures, Orbit Capital, Prosperus Invest, Provectus Capital Partners, Roca X, Silicon Gardens i Vesna VC.<\/strong><\/p>\n<p><strong>Pridru\u017eeni \u010dlanovi<\/strong> su: <strong>VentureXchange d.o.o., Bradvica Mari\u0107 Wahl Cesarec Skerlev odvjetni\u010dko dru\u0161tvo d.o.o., Cohres d.o.o., Forvis Mazars, Hren Toma\u0161kovi\u0107 odvjetni\u010dko dru\u0161tvo d.o.o. (nasljednik \u010dlanstva biv\u0161eg Odvetni\u0161tva Novak d.o.o. &#8211; Podru\u017enica Zagreb), Kova\u010devi\u0107 Prpi\u0107 Simeunovi\u0107 odvjetni\u010dko dru\u0161tvo d.o.o., Odvjetni\u010dko dru\u0161tvo Kramari\u0107 &amp; Partneri d.o.o., Raiffeisen Bank International i Wolf Theiss Rechtsanwalte GmbH (odvjetni\u010dko dru\u0161tvo).<\/strong><\/p>\n<p><strong>Po\u010dasni \u010dlan i osniva\u010d<\/strong> je <strong>Mirna Marovi\u0107<\/strong>.<\/p>\n<p>Na Skup\u0161tini je <strong>Mirna Marovi\u0107, predsjednica CVCA<\/strong>, predstavila <strong>Izvje\u0161\u0107e o radu za 2024. godinu<\/strong>, koje je uklju\u010divalo <strong>\u010detvrto izdanje konferencije i dodjele nagrada BestInvest.hr<\/strong>, odr\u017eano 12. lipnja 2024. u Zagrebu, te <strong>drugo izdanje LP-GP Networking Eventa<\/strong>, odr\u017eano od 9. do 11. listopada 2024. u Dubrovniku, koje je ponovno okupilo doma\u0107e i me\u0111unarodne upravitelje fondova i investitore. Predsjednica je istaknula i kontinuirani dijalog s Ministarstvom financija o izlasku Hrvatske s FATF sive liste, \u0161to predstavlja prepreku za strane ulaga\u010de, te je izvijestila o ja\u010danju suradnje s vode\u0107im europskim i doma\u0107im institucijama, uklju\u010duju\u0107i <strong>EIB, EIF, EBRD, HBOR<\/strong>, kao i klju\u010dnim akterima doma\u0107eg tr\u017ei\u0161ta poput <strong>Zagreba\u010dke burze, Progress Marketa, Hrvatske gospodarske komore, Hrvatske udruge poslodavaca, Hrvatskih izvoznika, CroAI, CroStartUp, Smion, Bird Incubatora i Algebra Laba<\/strong>.<\/p>\n<p><strong>Preliminarni financijski rezultati za 2024. godinu<\/strong> pokazali su da je CVCA ostvarila <strong>mali neto dobitak u iznosu od 1.251,38 eura<\/strong>, zahvaljuju\u0107i pa\u017eljivom upravljanju \u010dlanarinama i bud\u017eetima za doga\u0111anja, uz ostvareni vi\u0161ak na LP-GP Networking Eventu te gubitak na BestInvest.hr, koji je pokriven drugim prihodima. \u010clanovi su jednoglasno usvojili financijske rezultate te plan za osiguranje dodatnih godi\u0161njih sponzorskih paketa.<\/p>\n<p>Na Skup\u0161tini je tako\u0111er jednoglasno usvojen <strong>Plan aktivnosti za 2025. godinu<\/strong>, koji uklju\u010duje <strong>peto izdanje BestInvest.hr<\/strong> planirano za <strong>8. travnja 2025.<\/strong>, ujedno i <strong>obilje\u017eavanje 20. godi\u0161njice CVCA<\/strong>, izdavanje publikacije <strong>Hrvatske PE &amp; VC pri\u010de o uspjehu<\/strong>, doga\u0111aj <strong>SustainInvest.hr<\/strong> na temu odr\u017eivog ulaganja 25. i 26. lipnja 2025., <strong>LP-GP Networking Event<\/strong> 11. rujna 2025. u Zagrebu, tematske doru\u010dke, prikupljanje podataka te nastavak zagovara\u010dkih i edukativnih aktivnosti.<\/p>\n<p>\u010clanovi su tako\u0111er podr\u017eali nove <strong>godi\u0161nje sponzorske pakete<\/strong> (Leader, Champion, Supporter, E-newsletter) za podr\u0161ku rastu\u0107im aktivnostima CVCA.<\/p>\n<p>Na kraju, na Skup\u0161tini su odr\u017eani izbori za <strong>nove \u010dlanove Upravnog odbora<\/strong>. <strong>Novoizabrani Upravni odbor<\/strong>, prema abecednom redu prezimena, \u010dine: <strong>Mirna Marovi\u0107 (osniva\u010d i po\u010dasna \u010dlanica CVCA), Renata Brki\u0107 (Feelsgood Capital), Julien Coustaury (Fil Rouge Capital), Mila \u010ci\u010dek (Blue Sea Capital), Marko Gali\u0107 (Provectus Capital Partners), Kre\u0161imir Gjenero (Mezzanine Partners), Igor Hr\u017ei\u0107 (GreenArt Equity, biv\u0161i CEE Equity), Slaven Kordi\u0107 (Invera Equity Partners), Monika Mikac (N Vision Ventures), Tomislav Ti\u010di\u0107 (Prosperus Invest) i Tomislav Tomljenovi\u0107 (Enterprise Investors).<\/strong><\/p>\n<p><strong>Izbor Upravnog odbora zaklju\u010dio je Skup\u0161tinu. Novoizabrani Upravni odbor odmah je odr\u017eao konstituiraju\u0107u sjednicu<\/strong>, sukladno Statutu CVCA, na kojoj je <strong>Mirna Marovi\u0107 jednoglasno ponovno izabrana za predsjednicu CVCA<\/strong> na novi \u010detverogodi\u0161nji mandat.<\/p>\n<p><strong>Mirna Marovi\u0107 zahvalila je svim prisutnim \u010dlanovima CVCA na jednoglasnoj podr\u0161ci<\/strong>, izjaviv\u0161i: <em>\u201e\u010cast mi je voditi razvoj tr\u017ei\u0161ta private equity i venture capital ulaganja u Hrvatskoj od samih po\u010detaka 2004. godine do danas, kada na\u0161 sektor postaje klju\u010dni pokreta\u010d transformacije i rasta hrvatskog gospodarstva.\u201d<\/em><\/p>\n","protected":false},"excerpt":{"rendered":"<p>Dana 4. velja\u010de 2025., Hrvatska Private Equity i Venture Capital Asocijacija (CVCA) odr\u017eala je svoju redovnu godi\u0161nju skup\u0161tinu \u010dlanova, nakon koje je uslijedila konstituiraju\u0107a sjednica novoizabranog Upravnog odbora, u hotelu Esplanade Zagreb i putem Zoom video konferencije. \u010clanstvo CVCA na dan Skup\u0161tine uklju\u010divalo je 20 redovnih \u010dlanova, upravitelja private equity, venture capital i mezzanine fondova [&hellip;]<\/p>\n","protected":false},"author":2,"featured_media":6913,"comment_status":"closed","ping_status":"closed","sticky":false,"template":"","format":"standard","meta":{"footnotes":""},"categories":[69],"tags":[],"class_list":["post-6960","post","type-post","status-publish","format-standard","has-post-thumbnail","hentry","category-obavijesti"],"acf":[],"yoast_head":"<!-- This site is optimized with the Yoast SEO Premium plugin v21.7 (Yoast SEO v21.8) - https:\/\/yoast.com\/wordpress\/plugins\/seo\/ -->\n<title>Godi\u0161nja skup\u0161tina \u010dlanova CVCA 2025. - CVCA<\/title>\n<meta name=\"robots\" content=\"index, follow, max-snippet:-1, max-image-preview:large, max-video-preview:-1\" \/>\n<link rel=\"canonical\" href=\"https:\/\/cvca.hr\/annual-general-assembly-meeting-2025\/\" \/>\n<meta property=\"og:locale\" content=\"hr_HR\" \/>\n<meta property=\"og:type\" content=\"article\" \/>\n<meta property=\"og:title\" content=\"Godi\u0161nja skup\u0161tina \u010dlanova CVCA 2025.\" \/>\n<meta property=\"og:description\" content=\"Dana 4. velja\u010de 2025., Hrvatska Private Equity i Venture Capital Asocijacija (CVCA) odr\u017eala je svoju redovnu godi\u0161nju skup\u0161tinu \u010dlanova, nakon koje je uslijedila konstituiraju\u0107a sjednica novoizabranog Upravnog odbora, u hotelu Esplanade Zagreb i putem Zoom video konferencije. \u010clanstvo CVCA na dan Skup\u0161tine uklju\u010divalo je 20 redovnih \u010dlanova, upravitelja private equity, venture capital i mezzanine fondova [&hellip;]\" \/>\n<meta property=\"og:url\" content=\"https:\/\/cvca.hr\/annual-general-assembly-meeting-2025\/\" \/>\n<meta property=\"og:site_name\" content=\"CVCA\" \/>\n<meta property=\"article:publisher\" content=\"https:\/\/www.facebook.com\/cvca.hr\" \/>\n<meta property=\"article:published_time\" content=\"2025-03-14T08:58:42+00:00\" \/>\n<meta property=\"og:image\" content=\"https:\/\/cvca.hr\/wp-content\/uploads\/2025\/03\/007_Winners-of-BestInvest-Awards-2024-scaled.jpg\" \/>\n\t<meta property=\"og:image:width\" content=\"2560\" \/>\n\t<meta property=\"og:image:height\" content=\"1720\" \/>\n\t<meta property=\"og:image:type\" content=\"image\/jpeg\" \/>\n<meta name=\"author\" content=\"Marta zadravec\" \/>\n<meta name=\"twitter:card\" content=\"summary_large_image\" \/>\n<meta name=\"twitter:creator\" content=\"@cvca_hr\" \/>\n<meta name=\"twitter:site\" content=\"@cvca_hr\" \/>\n<meta name=\"twitter:label1\" content=\"Napisao\/la\" \/>\n\t<meta name=\"twitter:data1\" content=\"Marta zadravec\" \/>\n\t<meta name=\"twitter:label2\" content=\"Procijenjeno vrijeme \u010ditanja\" \/>\n\t<meta name=\"twitter:data2\" content=\"4 minute\" \/>\n<script type=\"application\/ld+json\" class=\"yoast-schema-graph\">{\"@context\":\"https:\/\/schema.org\",\"@graph\":[{\"@type\":\"Article\",\"@id\":\"https:\/\/cvca.hr\/annual-general-assembly-meeting-2025\/#article\",\"isPartOf\":{\"@id\":\"https:\/\/cvca.hr\/annual-general-assembly-meeting-2025\/\"},\"author\":{\"name\":\"Marta zadravec\",\"@id\":\"https:\/\/cvca.hr\/#\/schema\/person\/e18d45fa927505481d363a9e92abfd7a\"},\"headline\":\"Godi\u0161nja skup\u0161tina \u010dlanova CVCA 2025.\",\"datePublished\":\"2025-03-14T08:58:42+00:00\",\"dateModified\":\"2025-03-14T08:58:42+00:00\",\"mainEntityOfPage\":{\"@id\":\"https:\/\/cvca.hr\/annual-general-assembly-meeting-2025\/\"},\"wordCount\":799,\"publisher\":{\"@id\":\"https:\/\/cvca.hr\/#organization\"},\"articleSection\":[\"Obavijesti\"],\"inLanguage\":\"hr\"},{\"@type\":\"WebPage\",\"@id\":\"https:\/\/cvca.hr\/annual-general-assembly-meeting-2025\/\",\"url\":\"https:\/\/cvca.hr\/annual-general-assembly-meeting-2025\/\",\"name\":\"Godi\u0161nja skup\u0161tina \u010dlanova CVCA 2025. - CVCA\",\"isPartOf\":{\"@id\":\"https:\/\/cvca.hr\/#website\"},\"datePublished\":\"2025-03-14T08:58:42+00:00\",\"dateModified\":\"2025-03-14T08:58:42+00:00\",\"breadcrumb\":{\"@id\":\"https:\/\/cvca.hr\/annual-general-assembly-meeting-2025\/#breadcrumb\"},\"inLanguage\":\"hr\",\"potentialAction\":[{\"@type\":\"ReadAction\",\"target\":[\"https:\/\/cvca.hr\/annual-general-assembly-meeting-2025\/\"]}]},{\"@type\":\"BreadcrumbList\",\"@id\":\"https:\/\/cvca.hr\/annual-general-assembly-meeting-2025\/#breadcrumb\",\"itemListElement\":[{\"@type\":\"ListItem\",\"position\":1,\"name\":\"Home\",\"item\":\"https:\/\/cvca.hr\/\"},{\"@type\":\"ListItem\",\"position\":2,\"name\":\"Godi\u0161nja skup\u0161tina \u010dlanova CVCA 2025.\"}]},{\"@type\":\"WebSite\",\"@id\":\"https:\/\/cvca.hr\/#website\",\"url\":\"https:\/\/cvca.hr\/\",\"name\":\"CVCA\",\"description\":\"Croatian Private Equity and Venture Capital Association\",\"publisher\":{\"@id\":\"https:\/\/cvca.hr\/#organization\"},\"potentialAction\":[{\"@type\":\"SearchAction\",\"target\":{\"@type\":\"EntryPoint\",\"urlTemplate\":\"https:\/\/cvca.hr\/?s={search_term_string}\"},\"query-input\":\"required name=search_term_string\"}],\"inLanguage\":\"hr\"},{\"@type\":\"Organization\",\"@id\":\"https:\/\/cvca.hr\/#organization\",\"name\":\"CVCA\",\"url\":\"https:\/\/cvca.hr\/\",\"logo\":{\"@type\":\"ImageObject\",\"inLanguage\":\"hr\",\"@id\":\"https:\/\/cvca.hr\/#\/schema\/logo\/image\/\",\"url\":\"https:\/\/cvca.hr\/wp-content\/uploads\/2021\/12\/cvca-logo.png\",\"contentUrl\":\"https:\/\/cvca.hr\/wp-content\/uploads\/2021\/12\/cvca-logo.png\",\"width\":500,\"height\":127,\"caption\":\"CVCA\"},\"image\":{\"@id\":\"https:\/\/cvca.hr\/#\/schema\/logo\/image\/\"},\"sameAs\":[\"https:\/\/www.facebook.com\/cvca.hr\",\"https:\/\/twitter.com\/cvca_hr\",\"https:\/\/www.linkedin.com\/company\/52162469\/\"]},{\"@type\":\"Person\",\"@id\":\"https:\/\/cvca.hr\/#\/schema\/person\/e18d45fa927505481d363a9e92abfd7a\",\"name\":\"Marta zadravec\",\"image\":{\"@type\":\"ImageObject\",\"inLanguage\":\"hr\",\"@id\":\"https:\/\/cvca.hr\/#\/schema\/person\/image\/\",\"url\":\"https:\/\/secure.gravatar.com\/avatar\/f9ddb7c80f0b7e85edc9f9ea214b390b7ba31fe8f558ea3196b49d87ad04d16e?s=96&d=mm&r=g\",\"contentUrl\":\"https:\/\/secure.gravatar.com\/avatar\/f9ddb7c80f0b7e85edc9f9ea214b390b7ba31fe8f558ea3196b49d87ad04d16e?s=96&d=mm&r=g\",\"caption\":\"Marta zadravec\"},\"url\":\"https:\/\/cvca.hr\/hr\/author\/marta\/\"}]}<\/script>\n<!-- \/ Yoast SEO Premium plugin. -->","yoast_head_json":{"title":"Godi\u0161nja skup\u0161tina \u010dlanova CVCA 2025. - CVCA","robots":{"index":"index","follow":"follow","max-snippet":"max-snippet:-1","max-image-preview":"max-image-preview:large","max-video-preview":"max-video-preview:-1"},"canonical":"https:\/\/cvca.hr\/annual-general-assembly-meeting-2025\/","og_locale":"hr_HR","og_type":"article","og_title":"Godi\u0161nja skup\u0161tina \u010dlanova CVCA 2025.","og_description":"Dana 4. velja\u010de 2025., Hrvatska Private Equity i Venture Capital Asocijacija (CVCA) odr\u017eala je svoju redovnu godi\u0161nju skup\u0161tinu \u010dlanova, nakon koje je uslijedila konstituiraju\u0107a sjednica novoizabranog Upravnog odbora, u hotelu Esplanade Zagreb i putem Zoom video konferencije. \u010clanstvo CVCA na dan Skup\u0161tine uklju\u010divalo je 20 redovnih \u010dlanova, upravitelja private equity, venture capital i mezzanine fondova [&hellip;]","og_url":"https:\/\/cvca.hr\/annual-general-assembly-meeting-2025\/","og_site_name":"CVCA","article_publisher":"https:\/\/www.facebook.com\/cvca.hr","article_published_time":"2025-03-14T08:58:42+00:00","og_image":[{"width":2560,"height":1720,"url":"https:\/\/cvca.hr\/wp-content\/uploads\/2025\/03\/007_Winners-of-BestInvest-Awards-2024-scaled.jpg","type":"image\/jpeg"}],"author":"Marta zadravec","twitter_card":"summary_large_image","twitter_creator":"@cvca_hr","twitter_site":"@cvca_hr","twitter_misc":{"Napisao\/la":"Marta zadravec","Procijenjeno vrijeme \u010ditanja":"4 minute"},"schema":{"@context":"https:\/\/schema.org","@graph":[{"@type":"Article","@id":"https:\/\/cvca.hr\/annual-general-assembly-meeting-2025\/#article","isPartOf":{"@id":"https:\/\/cvca.hr\/annual-general-assembly-meeting-2025\/"},"author":{"name":"Marta zadravec","@id":"https:\/\/cvca.hr\/#\/schema\/person\/e18d45fa927505481d363a9e92abfd7a"},"headline":"Godi\u0161nja skup\u0161tina \u010dlanova CVCA 2025.","datePublished":"2025-03-14T08:58:42+00:00","dateModified":"2025-03-14T08:58:42+00:00","mainEntityOfPage":{"@id":"https:\/\/cvca.hr\/annual-general-assembly-meeting-2025\/"},"wordCount":799,"publisher":{"@id":"https:\/\/cvca.hr\/#organization"},"articleSection":["Obavijesti"],"inLanguage":"hr"},{"@type":"WebPage","@id":"https:\/\/cvca.hr\/annual-general-assembly-meeting-2025\/","url":"https:\/\/cvca.hr\/annual-general-assembly-meeting-2025\/","name":"Godi\u0161nja skup\u0161tina \u010dlanova CVCA 2025. - CVCA","isPartOf":{"@id":"https:\/\/cvca.hr\/#website"},"datePublished":"2025-03-14T08:58:42+00:00","dateModified":"2025-03-14T08:58:42+00:00","breadcrumb":{"@id":"https:\/\/cvca.hr\/annual-general-assembly-meeting-2025\/#breadcrumb"},"inLanguage":"hr","potentialAction":[{"@type":"ReadAction","target":["https:\/\/cvca.hr\/annual-general-assembly-meeting-2025\/"]}]},{"@type":"BreadcrumbList","@id":"https:\/\/cvca.hr\/annual-general-assembly-meeting-2025\/#breadcrumb","itemListElement":[{"@type":"ListItem","position":1,"name":"Home","item":"https:\/\/cvca.hr\/"},{"@type":"ListItem","position":2,"name":"Godi\u0161nja skup\u0161tina \u010dlanova CVCA 2025."}]},{"@type":"WebSite","@id":"https:\/\/cvca.hr\/#website","url":"https:\/\/cvca.hr\/","name":"CVCA","description":"Croatian Private Equity and Venture Capital Association","publisher":{"@id":"https:\/\/cvca.hr\/#organization"},"potentialAction":[{"@type":"SearchAction","target":{"@type":"EntryPoint","urlTemplate":"https:\/\/cvca.hr\/?s={search_term_string}"},"query-input":"required name=search_term_string"}],"inLanguage":"hr"},{"@type":"Organization","@id":"https:\/\/cvca.hr\/#organization","name":"CVCA","url":"https:\/\/cvca.hr\/","logo":{"@type":"ImageObject","inLanguage":"hr","@id":"https:\/\/cvca.hr\/#\/schema\/logo\/image\/","url":"https:\/\/cvca.hr\/wp-content\/uploads\/2021\/12\/cvca-logo.png","contentUrl":"https:\/\/cvca.hr\/wp-content\/uploads\/2021\/12\/cvca-logo.png","width":500,"height":127,"caption":"CVCA"},"image":{"@id":"https:\/\/cvca.hr\/#\/schema\/logo\/image\/"},"sameAs":["https:\/\/www.facebook.com\/cvca.hr","https:\/\/twitter.com\/cvca_hr","https:\/\/www.linkedin.com\/company\/52162469\/"]},{"@type":"Person","@id":"https:\/\/cvca.hr\/#\/schema\/person\/e18d45fa927505481d363a9e92abfd7a","name":"Marta zadravec","image":{"@type":"ImageObject","inLanguage":"hr","@id":"https:\/\/cvca.hr\/#\/schema\/person\/image\/","url":"https:\/\/secure.gravatar.com\/avatar\/f9ddb7c80f0b7e85edc9f9ea214b390b7ba31fe8f558ea3196b49d87ad04d16e?s=96&d=mm&r=g","contentUrl":"https:\/\/secure.gravatar.com\/avatar\/f9ddb7c80f0b7e85edc9f9ea214b390b7ba31fe8f558ea3196b49d87ad04d16e?s=96&d=mm&r=g","caption":"Marta zadravec"},"url":"https:\/\/cvca.hr\/hr\/author\/marta\/"}]}},"_links":{"self":[{"href":"https:\/\/cvca.hr\/hr\/wp-json\/wp\/v2\/posts\/6960","targetHints":{"allow":["GET"]}}],"collection":[{"href":"https:\/\/cvca.hr\/hr\/wp-json\/wp\/v2\/posts"}],"about":[{"href":"https:\/\/cvca.hr\/hr\/wp-json\/wp\/v2\/types\/post"}],"author":[{"embeddable":true,"href":"https:\/\/cvca.hr\/hr\/wp-json\/wp\/v2\/users\/2"}],"replies":[{"embeddable":true,"href":"https:\/\/cvca.hr\/hr\/wp-json\/wp\/v2\/comments?post=6960"}],"version-history":[{"count":0,"href":"https:\/\/cvca.hr\/hr\/wp-json\/wp\/v2\/posts\/6960\/revisions"}],"wp:featuredmedia":[{"embeddable":true,"href":"https:\/\/cvca.hr\/hr\/wp-json\/wp\/v2\/media\/6913"}],"wp:attachment":[{"href":"https:\/\/cvca.hr\/hr\/wp-json\/wp\/v2\/media?parent=6960"}],"wp:term":[{"taxonomy":"category","embeddable":true,"href":"https:\/\/cvca.hr\/hr\/wp-json\/wp\/v2\/categories?post=6960"},{"taxonomy":"post_tag","embeddable":true,"href":"https:\/\/cvca.hr\/hr\/wp-json\/wp\/v2\/tags?post=6960"}],"curies":[{"name":"wp","href":"https:\/\/api.w.org\/{rel}","templated":true}]}}